{"id":499747,"date":"2017-09-12T21:16:46","date_gmt":"2017-09-13T02:16:46","guid":{"rendered":"https:\/\/www.futboltotal.com.mx\/?p=499747"},"modified":"2017-09-12T21:16:46","modified_gmt":"2017-09-13T02:16:46","slug":"gustavo-quinteros-deja-dt-ecuador","status":"publish","type":"post","link":"http:\/\/desarrollo.grupomedios.com\/futbol\/futbol-internacional\/gustavo-quinteros-deja-dt-ecuador\/2017\/09","title":{"rendered":"Gustavo Quinteros deja de ser el DT de Ecuador"},"content":{"rendered":"<p><strong>Gustavo Quinteros<\/strong> fue destituido hoy de la selecci\u00f3n de Ecuador al negarse a renunciar a su puesto, seg\u00fan anunci\u00f3 la <strong>Federaci\u00f3n Ecuatoriana de Futbol<\/strong> (FEF), que design\u00f3 provisionalmente en su reemplazo al argentino Jorge C\u00e9lico.<\/p>\n<p>&#8220;Ante las p\u00fablicas declaraciones del director t\u00e9cnico Quinteros, ignorando el llamado de la actual directiva de la FEF y de su presidente Carlos Villac\u00eds, en el cual se apelaba a su sensibilidad para dejarnos en libertad de llevar adelante el recambio que se impone en la selecci\u00f3n&#8221;, anunci\u00f3 la entidad en un comunicado.<\/p>\n<p>La decisi\u00f3n se produce cuando faltan 23 d\u00edas para los partidos ante Chile y Argentina en el cierre de las eliminatorias sudamericanas.<\/p>\n<p style=\"text-align: center;\"><span style=\"color: #333399;\"><a style=\"color: #333399;\" href=\"https:\/\/www.futboltotal.com.mx\/2017\/09\/porto-vs-besiktas-champions-league-minuto-a-minuto\/\">VER M\u00c1S:\u00a0<span class=\"item-title\">Porto vs Besiktas, los Dragones mexicanos inician la Champions<\/span><\/a><\/span><\/p>\n<p style=\"text-align: left;\">El comunicado destaca que Quinteros incumpli\u00f3 &#8220;la meta que \u00e9l mismo se fij\u00f3: ganar tres de los partidos restantes para no depender de otros resultados para la clasificaci\u00f3n al Mundial de Rusia 2018&#8221; y que, m\u00e1s bien, dej\u00f3 a Ecuador con m\u00ednimas posibilidades matem\u00e1ticas para acceder al torneo.<\/p>\n<p>Por ello el directorio de la FEF resolvi\u00f3 &#8220;lamentar y deplorar que el director t\u00e9cnico Gustavo Quinteros reitere su af\u00e1n de dirigir los dos partidos finales de estas eliminatorias, cuando el actual presidente de la FEF y su directiva anunciaban su voluntad de empezar desde ahora la transici\u00f3n y renovaci\u00f3n que exigen las circunstancias de la selecci\u00f3n&#8221;.<\/p>\n<p>Tambi\u00e9n decidi\u00f3 &#8220;encargar como director t\u00e9cnico de la selecci\u00f3n para los dos partidos finales de estas eliminatorias al profesor Jorge C\u00e9lico, director de las divisiones formativas&#8221; de las selecciones nacionales.<\/p>\n<p style=\"text-align: center;\"><span style=\"color: #333399;\"><a style=\"color: #333399;\" href=\"https:\/\/www.futboltotal.com.mx\/2017\/09\/real-madrid-vs-apoel-champions-league-minuto-a-minuto\/\">VER M\u00c1S:\u00a0<span class=\"item-title\">Real Madrid vs APOEL, arranca el Rey de Europa<\/span><\/a><\/span><\/p>\n<p style=\"text-align: left;\">Asimismo, record\u00f3 que la directiva rest\u00f3 &#8220;importancia a la conversaci\u00f3n hecha p\u00fablica del director t\u00e9cnico Quinteros, realizada meses atr\u00e1s, cuando opin\u00f3 despectivamente que &#8216;esta gente no merece clasificar al Mundial'&#8221;.<\/p>\n<p>Ante ello, a\u00f1ade el escrito de la FEF: &#8220;antepusimos el inter\u00e9s superior de la continuidad de un proceso que todav\u00eda ten\u00eda entonces posibilidades claras, en lugar de exigir explicaciones y disculpas que nunca se dieron&#8221;.<\/p>\n<p>&#8220;Esa actitud no fue valorada, ni entendida, ni respetada&#8221;, precisa el comunicado.<\/p>\n<p>Bajo el mando de Quinteros, Ecuador tuvo un comienzo brillante de las eliminatorias sudamericanas con cuatro triunfos consecutivos, pero decay\u00f3 hasta ubicarse en el octavo puesto de la tabla de posiciones, con m\u00ednimas opciones de clasificaci\u00f3n.<\/p>\n","protected":false},"excerpt":{"rendered":"<p>El entrenador ha dejado a la selecci\u00f3n ecuatoriana en el octavo lugar de las eliminatorias sudamericanas<\/p>\n","protected":false},"author":144,"featured_media":499750,"comment_status":"closed","ping_status":"closed","sticky":false,"template":"","format":"standard","meta":[],"categories":[7566,7573,3839],"tags":[708,10200],"_links":{"self":[{"href":"http:\/\/desarrollo.grupomedios.com\/futbol\/wp-json\/wp\/v2\/posts\/499747"}],"collection":[{"href":"http:\/\/desarrollo.grupomedios.com\/futbol\/wp-json\/wp\/v2\/posts"}],"about":[{"href":"http:\/\/desarrollo.grupomedios.com\/futbol\/wp-json\/wp\/v2\/types\/post"}],"author":[{"embeddable":true,"href":"http:\/\/desarrollo.grupomedios.com\/futbol\/wp-json\/wp\/v2\/users\/144"}],"replies":[{"embeddable":true,"href":"http:\/\/desarrollo.grupomedios.com\/futbol\/wp-json\/wp\/v2\/comments?post=499747"}],"version-history":[{"count":1,"href":"http:\/\/desarrollo.grupomedios.com\/futbol\/wp-json\/wp\/v2\/posts\/499747\/revisions"}],"predecessor-version":[{"id":499751,"href":"http:\/\/desarrollo.grupomedios.com\/futbol\/wp-json\/wp\/v2\/posts\/499747\/revisions\/499751"}],"wp:featuredmedia":[{"embeddable":true,"href":"http:\/\/desarrollo.grupomedios.com\/futbol\/wp-json\/wp\/v2\/media\/499750"}],"wp:attachment":[{"href":"http:\/\/desarrollo.grupomedios.com\/futbol\/wp-json\/wp\/v2\/media?parent=499747"}],"wp:term":[{"taxonomy":"category","embeddable":true,"href":"http:\/\/desarrollo.grupomedios.com\/futbol\/wp-json\/wp\/v2\/categories?post=499747"},{"taxonomy":"post_tag","embeddable":true,"href":"http:\/\/desarrollo.grupomedios.com\/futbol\/wp-json\/wp\/v2\/tags?post=499747"}],"curies":[{"name":"wp","href":"https:\/\/api.w.org\/{rel}","templated":true}]}}