{"id":499757,"date":"2017-09-13T10:18:52","date_gmt":"2017-09-13T15:18:52","guid":{"rendered":"https:\/\/www.futboltotal.com.mx\/?p=499757"},"modified":"2017-09-13T10:18:52","modified_gmt":"2017-09-13T15:18:52","slug":"se-dio-rompimiento-carlos-slim-grupo-pachuca","status":"publish","type":"post","link":"http:\/\/desarrollo.grupomedios.com\/futbol\/videos\/se-dio-rompimiento-carlos-slim-grupo-pachuca\/2017\/09","title":{"rendered":"\u00bfPor qu\u00e9 se dio el rompimiento Carlos Slim-Grupo Pachuca?"},"content":{"rendered":"<p>Muchas suspicacias han llegado a mencionarse por la ruptura que se dio entre <strong>Carlos Slim y Grupo Carso<\/strong> con <strong>Jes\u00fas Mart\u00ednez y Grupo Pachuca<\/strong>.<\/p>\n<p>El 6 de septiembre, Grupo Pachuca adquiri\u00f3 el cien por ciento de las acciones de <strong>Pachuca y Le\u00f3n<\/strong>.\u00a0Con esto, el empresario Carlos Slim y Grupo Carso dieron por finalizada su sociedad con Jes\u00fas Mart\u00ednez.<\/p>\n<p>Pero\u2026 \u00bfcu\u00e1les fueron las posibles razones del rompimiento entre Carlos Slim y Jes\u00fas Mart\u00ednez?<\/p>\n<p style=\"text-align: center;\"><span style=\"color: #333399;\"><a style=\"color: #333399;\" href=\"https:\/\/www.futboltotal.com.mx\/2017\/09\/enrique-burak-revela-pasado-algunos-comentaristas-deportivos\/\">VER M\u00c1S:\u00a0<span class=\"item-title\">Enrique Burak revela pasado de algunos comentaristas deportivos<\/span><\/a><\/span><\/p>\n<p>Muchas razones se han hablado en los \u00faltimos d\u00edas, desde un posible pleito de negocios entre los dos magnates.<\/p>\n<p>Una de las m\u00e1s importantes ser\u00eda que el se\u00f1or Carlos\u00a0Slim quer\u00eda adquirir el 49% de Grupo Pachuca, y posteriormente todo el grupo, para poner como presidente de Le\u00f3n a Arturo El\u00edas Ayub, su \u201cmano derecha\u201d.<\/p>\n<p>[video_player] https:\/\/player.vimeo.com\/external\/233388296.hd.mp4?s=40e74250279f90c7410a5a0fef1e0a6efd804e34&amp;profile_id=174\u00a0[\/video_player]<\/p>\n<p>&nbsp;<\/p>\n<p>&nbsp;<\/p>\n","protected":false},"excerpt":{"rendered":"<p>El magnate millonario decidi\u00f3 alejarse del mundo del futbol mexicano<\/p>\n","protected":false},"author":160,"featured_media":499759,"comment_status":"closed","ping_status":"closed","sticky":false,"template":"","format":"standard","meta":[],"categories":[7570,2198,3845,4],"tags":[1656,792,2116,654,5965,5968],"_links":{"self":[{"href":"http:\/\/desarrollo.grupomedios.com\/futbol\/wp-json\/wp\/v2\/posts\/499757"}],"collection":[{"href":"http:\/\/desarrollo.grupomedios.com\/futbol\/wp-json\/wp\/v2\/posts"}],"about":[{"href":"http:\/\/desarrollo.grupomedios.com\/futbol\/wp-json\/wp\/v2\/types\/post"}],"author":[{"embeddable":true,"href":"http:\/\/desarrollo.grupomedios.com\/futbol\/wp-json\/wp\/v2\/users\/160"}],"replies":[{"embeddable":true,"href":"http:\/\/desarrollo.grupomedios.com\/futbol\/wp-json\/wp\/v2\/comments?post=499757"}],"version-history":[{"count":2,"href":"http:\/\/desarrollo.grupomedios.com\/futbol\/wp-json\/wp\/v2\/posts\/499757\/revisions"}],"predecessor-version":[{"id":499805,"href":"http:\/\/desarrollo.grupomedios.com\/futbol\/wp-json\/wp\/v2\/posts\/499757\/revisions\/499805"}],"wp:featuredmedia":[{"embeddable":true,"href":"http:\/\/desarrollo.grupomedios.com\/futbol\/wp-json\/wp\/v2\/media\/499759"}],"wp:attachment":[{"href":"http:\/\/desarrollo.grupomedios.com\/futbol\/wp-json\/wp\/v2\/media?parent=499757"}],"wp:term":[{"taxonomy":"category","embeddable":true,"href":"http:\/\/desarrollo.grupomedios.com\/futbol\/wp-json\/wp\/v2\/categories?post=499757"},{"taxonomy":"post_tag","embeddable":true,"href":"http:\/\/desarrollo.grupomedios.com\/futbol\/wp-json\/wp\/v2\/tags?post=499757"}],"curies":[{"name":"wp","href":"https:\/\/api.w.org\/{rel}","templated":true}]}}