{"id":499769,"date":"2017-09-13T08:31:25","date_gmt":"2017-09-13T13:31:25","guid":{"rendered":"https:\/\/www.futboltotal.com.mx\/?p=499769"},"modified":"2017-09-13T08:31:25","modified_gmt":"2017-09-13T13:31:25","slug":"marcelo-muestra-fidelidad-al-real-madrid-amplia-contrato","status":"publish","type":"post","link":"http:\/\/desarrollo.grupomedios.com\/futbol\/futbol-internacional\/marcelo-muestra-fidelidad-al-real-madrid-amplia-contrato\/2017\/09","title":{"rendered":"Marcelo muestra su fidelidad al Real Madrid y amplia contrato"},"content":{"rendered":"<p class=\"DETALLE_N_titulo \"><span id=\"ctl14_lblMostra\">El lateral brasile\u00f1o <strong>Marcelo Vieira<\/strong> y el <strong>Real Madrid<\/strong> han ampliado el contrato que ambas partes manten\u00edan y que, ahora, concluir\u00e1 el 30 de junio de 2022, seg\u00fan ha anunciado el club madrile\u00f1o.<\/span><\/p>\n<p><strong>Marcelo<\/strong>, nacido el 12 de mayo de 1988, lleg\u00f3 al <strong>Real Madrid<\/strong> en enero de 2006, ha jugado 296 encuentros ligueros como madridista y es actualmente el segundo capit\u00e1n del equipo.<\/p>\n<p style=\"text-align: center;\"><a href=\"https:\/\/www.futboltotal.com.mx\/2017\/09\/cronica-resultado-tigres-1-3-zacatepec-copa-mx\/\" target=\"_blank\" rel=\"noopener noreferrer\"><span style=\"color: #333399;\">VER M\u00c1S: \u00a1Sorpresa! Zacatepec elimina a Tigres de la Copa MX<\/span><\/a><\/p>\n<blockquote class=\"twitter-tweet\" data-lang=\"es\">\n<p dir=\"ltr\" lang=\"es\">Acto de renovaci\u00f3n de <a href=\"https:\/\/twitter.com\/MarceloM12\">@MarceloM12<\/a><\/p>\n<p>\u27a1 <a href=\"https:\/\/t.co\/zFLjPXo4IJ\">https:\/\/t.co\/zFLjPXo4IJ<\/a><a href=\"https:\/\/twitter.com\/hashtag\/HalaMadrid?src=hash\">#HalaMadrid<\/a> <a href=\"https:\/\/twitter.com\/hashtag\/Marcelo2022?src=hash\">#Marcelo2022<\/a> <a href=\"https:\/\/t.co\/JQW3J5EDaX\">pic.twitter.com\/JQW3J5EDaX<\/a><\/p>\n<p>\u2014 Real Madrid C.F. (@realmadrid) <a href=\"https:\/\/twitter.com\/realmadrid\/status\/907943867059769345\">13 de septiembre de 2017<\/a><\/p><\/blockquote>\n<p><script async src=\"\/\/platform.twitter.com\/widgets.js\" charset=\"utf-8\"><\/script><\/p>\n<p>El jugador, que justamente tambi\u00e9n ha sido suspendido con dos encuentros por el Comit\u00e9 de Competici\u00f3n de la Real Federaci\u00f3n Espa\u00f1ola de F\u00fatbol, comparecer\u00e1 este jueves ante los medios informativos para hablar de su renovaci\u00f3n, en la sala de prensa del estadio <strong>Santiago Bernab\u00e9u<\/strong>.<\/p>\n<blockquote class=\"twitter-video\" data-lang=\"es\">\n<p dir=\"ltr\" lang=\"es\">En 2006, nadie imagin\u00f3 a Marcelo 16 a\u00f1os en el Real Madrid. 5 m\u00e1s que Roberto Carlos. Se retirar\u00e1 de blanco, con 34. <a href=\"https:\/\/twitter.com\/MarceloM12\">@MarceloM12<\/a>, uno di noi <a href=\"https:\/\/t.co\/eFBSvKS1TG\">pic.twitter.com\/eFBSvKS1TG<\/a><\/p>\n<p>\u2014 Juanma P\u00e9rez-Noya (@juanmapereznoya) <a href=\"https:\/\/twitter.com\/juanmapereznoya\/status\/907951556632379393\">13 de septiembre de 2017<\/a><\/p><\/blockquote>\n<p><script async src=\"\/\/platform.twitter.com\/widgets.js\" charset=\"utf-8\"><\/script><\/p>\n","protected":false},"excerpt":{"rendered":"<p>El brasile\u00f1o comparecer\u00e1 en la sala de prensa del estadio Santiago Bernab\u00e9u.<\/p>\n","protected":false},"author":144,"featured_media":499770,"comment_status":"closed","ping_status":"closed","sticky":false,"template":"","format":"standard","meta":[],"categories":[3839,3844],"tags":[1197,5988],"_links":{"self":[{"href":"http:\/\/desarrollo.grupomedios.com\/futbol\/wp-json\/wp\/v2\/posts\/499769"}],"collection":[{"href":"http:\/\/desarrollo.grupomedios.com\/futbol\/wp-json\/wp\/v2\/posts"}],"about":[{"href":"http:\/\/desarrollo.grupomedios.com\/futbol\/wp-json\/wp\/v2\/types\/post"}],"author":[{"embeddable":true,"href":"http:\/\/desarrollo.grupomedios.com\/futbol\/wp-json\/wp\/v2\/users\/144"}],"replies":[{"embeddable":true,"href":"http:\/\/desarrollo.grupomedios.com\/futbol\/wp-json\/wp\/v2\/comments?post=499769"}],"version-history":[{"count":1,"href":"http:\/\/desarrollo.grupomedios.com\/futbol\/wp-json\/wp\/v2\/posts\/499769\/revisions"}],"predecessor-version":[{"id":499771,"href":"http:\/\/desarrollo.grupomedios.com\/futbol\/wp-json\/wp\/v2\/posts\/499769\/revisions\/499771"}],"wp:featuredmedia":[{"embeddable":true,"href":"http:\/\/desarrollo.grupomedios.com\/futbol\/wp-json\/wp\/v2\/media\/499770"}],"wp:attachment":[{"href":"http:\/\/desarrollo.grupomedios.com\/futbol\/wp-json\/wp\/v2\/media?parent=499769"}],"wp:term":[{"taxonomy":"category","embeddable":true,"href":"http:\/\/desarrollo.grupomedios.com\/futbol\/wp-json\/wp\/v2\/categories?post=499769"},{"taxonomy":"post_tag","embeddable":true,"href":"http:\/\/desarrollo.grupomedios.com\/futbol\/wp-json\/wp\/v2\/tags?post=499769"}],"curies":[{"name":"wp","href":"https:\/\/api.w.org\/{rel}","templated":true}]}}