{"id":499772,"date":"2017-09-13T08:49:32","date_gmt":"2017-09-13T13:49:32","guid":{"rendered":"https:\/\/www.futboltotal.com.mx\/?p=499772"},"modified":"2017-09-13T08:49:32","modified_gmt":"2017-09-13T13:49:32","slug":"alan-pulido-se-rie-eliminacion-tigres-despues-lo-niega","status":"publish","type":"post","link":"http:\/\/desarrollo.grupomedios.com\/futbol\/futbol-mexicano\/alan-pulido-se-rie-eliminacion-tigres-despues-lo-niega\/2017\/09","title":{"rendered":"Alan Pulido se r\u00ede de eliminaci\u00f3n de Tigres; despu\u00e9s lo niega"},"content":{"rendered":"<p>El \u00faltimo <a href=\"https:\/\/www.futboltotal.com.mx\/2017\/09\/cronica-resultado-tigres-1-3-zacatepec-copa-mx\/\" target=\"_blank\" rel=\"noopener noreferrer\"><span style=\"color: #333399;\">traspi\u00e9 de los <strong>Tigres<\/strong> en Copa MX ante el <strong>Zacatepec<\/strong><\/span><\/a> le cost\u00f3 su eliminaci\u00f3n del torneo, adem\u00e1s de las burlas de la afici\u00f3n, incluyendo las de uno de sus ex jugadores con el que guardan un pasado pol\u00e9mico: <strong>Alan Pulido<\/strong>.<\/p>\n<p>El ahora delantero de las <strong>Chivas<\/strong> se manifest\u00f3 en redes sociales poco despu\u00e9s de que se consum\u00f3 la derrota de <strong>Tigres<\/strong> publicando varios emojis de risas, lo que en un principio no necesitaba mayor explicaci\u00f3n.<\/p>\n<p><a href=\"https:\/\/www.futboltotal.com.mx\/wp-content\/uploads\/2017\/09\/Alan-Pulido-Tigres-Twitter.png\"><img decoding=\"async\" loading=\"lazy\" class=\"aligncenter size-full wp-image-499774\" src=\"https:\/\/www.futboltotal.com.mx\/wp-content\/uploads\/2017\/09\/Alan-Pulido-Tigres-Twitter.png\" alt=\"Alan Pulido se r\u00ede de eliminaci\u00f3n de Tigres; despu\u00e9s lo niega 0\" srcset=\"http:\/\/desarrollo.grupomedios.com\/futbol\/wp-content\/uploads\/2017\/09\/Alan-Pulido-Tigres-Twitter.png 636w, http:\/\/desarrollo.grupomedios.com\/futbol\/wp-content\/uploads\/2017\/09\/Alan-Pulido-Tigres-Twitter-300x131.png 300w\" sizes=\"(max-width: 636px) 100vw, 636px\" \/><\/a><\/p>\n<p>Sin embargo, la afici\u00f3n felina no tard\u00f3 en responderle y recriminarle su actitud con todo tipo de mensajes, algunos de ellos record\u00e1ndole que el equipo norte\u00f1o, a diferencia de las <strong>Chivas<\/strong>, no necesita aparentes ayudas arbitrales como la que muchos han insinuado de parte del colegiado <strong>Luis Enrique Santander<\/strong> en favor del <em>Reba\u00f1o<\/em> en la final de vuelta del Clausura 2017, precisamente ante Tigres.<\/p>\n<p><a href=\"https:\/\/www.futboltotal.com.mx\/wp-content\/uploads\/2017\/09\/Alan-Pulido-Twiter-Respuestas.jpg\"><img decoding=\"async\" loading=\"lazy\" class=\"aligncenter size-large wp-image-499775\" src=\"https:\/\/www.futboltotal.com.mx\/wp-content\/uploads\/2017\/09\/Alan-Pulido-Twiter-Respuestas-1024x576.jpg\" alt=\"Alan Pulido se r\u00ede de eliminaci\u00f3n de Tigres; despu\u00e9s lo niega 1\" srcset=\"http:\/\/desarrollo.grupomedios.com\/futbol\/wp-content\/uploads\/2017\/09\/Alan-Pulido-Twiter-Respuestas-1024x576.jpg 1024w, http:\/\/desarrollo.grupomedios.com\/futbol\/wp-content\/uploads\/2017\/09\/Alan-Pulido-Twiter-Respuestas-300x169.jpg 300w, http:\/\/desarrollo.grupomedios.com\/futbol\/wp-content\/uploads\/2017\/09\/Alan-Pulido-Twiter-Respuestas-768x432.jpg 768w, http:\/\/desarrollo.grupomedios.com\/futbol\/wp-content\/uploads\/2017\/09\/Alan-Pulido-Twiter-Respuestas-393x221.jpg 393w, http:\/\/desarrollo.grupomedios.com\/futbol\/wp-content\/uploads\/2017\/09\/Alan-Pulido-Twiter-Respuestas.jpg 1136w\" sizes=\"(max-width: 1024px) 100vw, 1024px\" \/><\/a><\/p>\n<p>Pero s\u00f3lo minutos despu\u00e9s <strong>Alan<\/strong> aclar\u00f3 que sus risas no ten\u00edan nada que ver con el resultado del cuadro de la UANL, club del que surgi\u00f3, sino que fueron causadas por el baile de un amigo suyo llamado <strong>Erick<\/strong>.<\/p>\n<p>&nbsp;<\/p>\n<blockquote class=\"twitter-video\" data-lang=\"es\">\n<p dir=\"ltr\" lang=\"es\">Mi risa fue por Erick no mal interpreten, jajajaja baila espectacular &#x1f602;&#x1f602;&#x1f602;&#x1f602; <a href=\"https:\/\/t.co\/rzI3g1l3MO\">pic.twitter.com\/rzI3g1l3MO<\/a><\/p>\n<p>\u2014 PULIDO 9\ufe0f\u20e3 #AP9 (@puliidooo) <a href=\"https:\/\/twitter.com\/puliidooo\/status\/907824674456981504\">13 de septiembre de 2017<\/a><\/p><\/blockquote>\n<p><script async src=\"\/\/platform.twitter.com\/widgets.js\" charset=\"utf-8\"><\/script><\/p>\n<p>\u00bfUstedes le creen?<\/p>\n","protected":false},"excerpt":{"rendered":"<p>En redes sociales, el delantero de Chivas gener\u00f3 pol\u00e9mica con fans de Tigres.<\/p>\n","protected":false},"author":20,"featured_media":481128,"comment_status":"closed","ping_status":"closed","sticky":false,"template":"","format":"standard","meta":[],"categories":[4247,2198],"tags":[1607,70,285,5973,1588],"_links":{"self":[{"href":"http:\/\/desarrollo.grupomedios.com\/futbol\/wp-json\/wp\/v2\/posts\/499772"}],"collection":[{"href":"http:\/\/desarrollo.grupomedios.com\/futbol\/wp-json\/wp\/v2\/posts"}],"about":[{"href":"http:\/\/desarrollo.grupomedios.com\/futbol\/wp-json\/wp\/v2\/types\/post"}],"author":[{"embeddable":true,"href":"http:\/\/desarrollo.grupomedios.com\/futbol\/wp-json\/wp\/v2\/users\/20"}],"replies":[{"embeddable":true,"href":"http:\/\/desarrollo.grupomedios.com\/futbol\/wp-json\/wp\/v2\/comments?post=499772"}],"version-history":[{"count":1,"href":"http:\/\/desarrollo.grupomedios.com\/futbol\/wp-json\/wp\/v2\/posts\/499772\/revisions"}],"predecessor-version":[{"id":499776,"href":"http:\/\/desarrollo.grupomedios.com\/futbol\/wp-json\/wp\/v2\/posts\/499772\/revisions\/499776"}],"wp:featuredmedia":[{"embeddable":true,"href":"http:\/\/desarrollo.grupomedios.com\/futbol\/wp-json\/wp\/v2\/media\/481128"}],"wp:attachment":[{"href":"http:\/\/desarrollo.grupomedios.com\/futbol\/wp-json\/wp\/v2\/media?parent=499772"}],"wp:term":[{"taxonomy":"category","embeddable":true,"href":"http:\/\/desarrollo.grupomedios.com\/futbol\/wp-json\/wp\/v2\/categories?post=499772"},{"taxonomy":"post_tag","embeddable":true,"href":"http:\/\/desarrollo.grupomedios.com\/futbol\/wp-json\/wp\/v2\/tags?post=499772"}],"curies":[{"name":"wp","href":"https:\/\/api.w.org\/{rel}","templated":true}]}}