{"id":499786,"date":"2017-09-13T09:20:57","date_gmt":"2017-09-13T14:20:57","guid":{"rendered":"https:\/\/www.futboltotal.com.mx\/?p=499786"},"modified":"2017-09-13T09:47:37","modified_gmt":"2017-09-13T14:47:37","slug":"leones-negros-aunque-perdio-espera-calificar-en-copa-mx","status":"publish","type":"post","link":"http:\/\/desarrollo.grupomedios.com\/futbol\/destacado-home\/leones-negros-aunque-perdio-espera-calificar-en-copa-mx\/2017\/09","title":{"rendered":"Leones Negros, aunque perdi\u00f3, espera calificar en Copa MX"},"content":{"rendered":"<p>El partido en el que\u00a0<a href=\"https:\/\/www.futboltotal.com.mx\/2017\/09\/resultados-cronica-leones-negros-1-2-dorados-copa-mx\/\" target=\"_blank\" rel=\"noopener noreferrer\"><span style=\"color: #333399;\"><strong>Dorados<\/strong> venci\u00f3 a\u00a0<strong>Leones Negros<\/strong> por 2-1<\/span><\/a> le vali\u00f3 el pase a octavos de final de Copa MX al cuadro de Sinaloa,\u00a0aunque <a href=\"https:\/\/www.futboltotal.com.mx\/2017\/09\/juego-copa-mx-bajo-la-lupa-alineacion-indebida\/\" target=\"_blank\" rel=\"noopener noreferrer\"><span style=\"color: #333399;\">una aparente alineaci\u00f3n indebida<\/span><\/a> que est\u00e1 siendo analizada por\u00a0la Comisi\u00f3n Disciplinaria cambiar\u00eda el resultado\u00a0y podr\u00eda darle el boleto a la <strong>U. de G.<\/strong>, equipo que manifest\u00f3 su esperanza de que la decisi\u00f3n cambie su situaci\u00f3n.<\/p>\n<p>Los <em>Melenudos<\/em> han publicado un comunicado en el que manifiestan la irregularidad en la alineaci\u00f3n por parte de Dorados y de la que es conocedora Liga MX y Ascenso MX, causada porque el equipo de Sinaloa\u00a0habr\u00eda presentado s\u00f3lo 11 jugadores registrados por el <strong>Ascenso MX<\/strong> para disputar el juego frente a la U. de G. lo que infringir\u00eda el reglamento.<\/p>\n<p style=\"text-align: center;\"><a href=\"https:\/\/www.futboltotal.com.mx\/2017\/09\/matias-almeyda-culpa-al-tri-por-mal-arranque-de-chivas\/\" target=\"_blank\" rel=\"noopener noreferrer\"><span style=\"color: #333399;\">VER M\u00c1S: Mat\u00edas Almeyda culpa al Tri por el mal arranque de Chivas<\/span><\/a><\/p>\n<p>En la carta, los Leones Negros destacan el art\u00edculo 21 del <strong>Reglamento de Competencia<\/strong>, que dice:<\/p>\n<blockquote><p>Aunado a lo anterior, en la alineaci\u00f3n de los 18 Jugadores de los Clubes de la LIGA MX deber\u00e1n aparecer por lo menos 8 Jugadores registrados en su Divisi\u00f3n.<\/p>\n<p>Igualmente para el caso de ASCENSO MX, en la alineaci\u00f3n de los 18 Jugadores de los Clubes deber\u00e1n aparecer por lo menos 12 Jugadores registrados en su Divisi\u00f3n.<\/p>\n<p>Los Clubes deber\u00e1n utilizar en terreno de juego, al mismo tiempo, por lo menos 6 jugadores debidamente registrados en sus respectivas Ligas o Divisiones.<\/p><\/blockquote>\n<p><a href=\"https:\/\/www.futboltotal.com.mx\/wp-content\/uploads\/2017\/09\/Leones-Negros-Comunicado.jpg\"><img decoding=\"async\" loading=\"lazy\" class=\"aligncenter size-large wp-image-499790\" src=\"https:\/\/www.futboltotal.com.mx\/wp-content\/uploads\/2017\/09\/Leones-Negros-Comunicado-1024x576.jpg\" alt=\"Leones Negros, aunque perdi\u00f3, espera calificar en Copa MX 0\" srcset=\"http:\/\/desarrollo.grupomedios.com\/futbol\/wp-content\/uploads\/2017\/09\/Leones-Negros-Comunicado-1024x576.jpg 1024w, http:\/\/desarrollo.grupomedios.com\/futbol\/wp-content\/uploads\/2017\/09\/Leones-Negros-Comunicado-300x169.jpg 300w, http:\/\/desarrollo.grupomedios.com\/futbol\/wp-content\/uploads\/2017\/09\/Leones-Negros-Comunicado-768x432.jpg 768w, http:\/\/desarrollo.grupomedios.com\/futbol\/wp-content\/uploads\/2017\/09\/Leones-Negros-Comunicado-393x221.jpg 393w, http:\/\/desarrollo.grupomedios.com\/futbol\/wp-content\/uploads\/2017\/09\/Leones-Negros-Comunicado.jpg 1136w\" sizes=\"(max-width: 1024px) 100vw, 1024px\" \/><\/a><\/p>\n<p>Se espera que en breve la\u00a0Comisi\u00f3n Disciplinaria externe su decisi\u00f3n respecto a este caso.<\/p>\n","protected":false},"excerpt":{"rendered":"<p>En un comunicado, Leones Negros explic\u00f3 la alineaci\u00f3n indebida en que incurri\u00f3 Dorados.<\/p>\n","protected":false},"author":20,"featured_media":499787,"comment_status":"closed","ping_status":"closed","sticky":false,"template":"","format":"standard","meta":[],"categories":[4247,5,2198],"tags":[3584,285,759,537,979],"_links":{"self":[{"href":"http:\/\/desarrollo.grupomedios.com\/futbol\/wp-json\/wp\/v2\/posts\/499786"}],"collection":[{"href":"http:\/\/desarrollo.grupomedios.com\/futbol\/wp-json\/wp\/v2\/posts"}],"about":[{"href":"http:\/\/desarrollo.grupomedios.com\/futbol\/wp-json\/wp\/v2\/types\/post"}],"author":[{"embeddable":true,"href":"http:\/\/desarrollo.grupomedios.com\/futbol\/wp-json\/wp\/v2\/users\/20"}],"replies":[{"embeddable":true,"href":"http:\/\/desarrollo.grupomedios.com\/futbol\/wp-json\/wp\/v2\/comments?post=499786"}],"version-history":[{"count":1,"href":"http:\/\/desarrollo.grupomedios.com\/futbol\/wp-json\/wp\/v2\/posts\/499786\/revisions"}],"predecessor-version":[{"id":499793,"href":"http:\/\/desarrollo.grupomedios.com\/futbol\/wp-json\/wp\/v2\/posts\/499786\/revisions\/499793"}],"wp:featuredmedia":[{"embeddable":true,"href":"http:\/\/desarrollo.grupomedios.com\/futbol\/wp-json\/wp\/v2\/media\/499787"}],"wp:attachment":[{"href":"http:\/\/desarrollo.grupomedios.com\/futbol\/wp-json\/wp\/v2\/media?parent=499786"}],"wp:term":[{"taxonomy":"category","embeddable":true,"href":"http:\/\/desarrollo.grupomedios.com\/futbol\/wp-json\/wp\/v2\/categories?post=499786"},{"taxonomy":"post_tag","embeddable":true,"href":"http:\/\/desarrollo.grupomedios.com\/futbol\/wp-json\/wp\/v2\/tags?post=499786"}],"curies":[{"name":"wp","href":"https:\/\/api.w.org\/{rel}","templated":true}]}}