{"id":499795,"date":"2017-09-13T10:04:43","date_gmt":"2017-09-13T15:04:43","guid":{"rendered":"https:\/\/www.futboltotal.com.mx\/?p=499795"},"modified":"2017-09-13T10:19:23","modified_gmt":"2017-09-13T15:19:23","slug":"partidos-inolvidables-mexicanos-vs-gigantes-en-champions-league","status":"publish","type":"post","link":"http:\/\/desarrollo.grupomedios.com\/futbol\/destacado-home\/partidos-inolvidables-mexicanos-vs-gigantes-en-champions-league\/2017\/09","title":{"rendered":"Duelos inolvidables de mexicanos vs. gigantes en Champions League"},"content":{"rendered":"<p>Los mexicanos que han jugado la<strong> Champions League<\/strong> han vivido momentos de protagonismo absoluto; pero adem\u00e1s de ello han sido contra equipos gigantes de Europa.<\/p>\n<p style=\"text-align: center;\"><span style=\"color: #333399;\"><a style=\"color: #333399;\" href=\"https:\/\/www.futboltotal.com.mx\/2017\/09\/los-memes-martes-la-uefa-champions-league\/\" target=\"_blank\" rel=\"noopener noreferrer\">VER M\u00c1S: Los memes de la primera jornada de Champions League<\/a><\/span><\/p>\n<p><strong>Chicharito, Rafa M\u00e1rquez, Ra\u00fal Jim\u00e9nez<\/strong>, entre otros han destacado por sus actuaciones ante equipos de gran jerarqu\u00eda y es que el torneo amerita poner todo el talento para sobresalir en el Viejo Continente.<\/p>\n<p>[video_player]https:\/\/player.vimeo.com\/external\/233569379.hd.mp4?s=42f756f17ddbb8e9052f82c30bc0738d84fb895a&amp;profile_id=174[\/video_player]<\/p>\n","protected":false},"excerpt":{"rendered":"<p>Mexicanos se han destacado en ciertos momentos de la competici\u00f3n<\/p>\n","protected":false},"author":20,"featured_media":499797,"comment_status":"closed","ping_status":"closed","sticky":false,"template":"","format":"standard","meta":[],"categories":[5,3839],"tags":[6046,36,120,5987,4358,742],"_links":{"self":[{"href":"http:\/\/desarrollo.grupomedios.com\/futbol\/wp-json\/wp\/v2\/posts\/499795"}],"collection":[{"href":"http:\/\/desarrollo.grupomedios.com\/futbol\/wp-json\/wp\/v2\/posts"}],"about":[{"href":"http:\/\/desarrollo.grupomedios.com\/futbol\/wp-json\/wp\/v2\/types\/post"}],"author":[{"embeddable":true,"href":"http:\/\/desarrollo.grupomedios.com\/futbol\/wp-json\/wp\/v2\/users\/20"}],"replies":[{"embeddable":true,"href":"http:\/\/desarrollo.grupomedios.com\/futbol\/wp-json\/wp\/v2\/comments?post=499795"}],"version-history":[{"count":2,"href":"http:\/\/desarrollo.grupomedios.com\/futbol\/wp-json\/wp\/v2\/posts\/499795\/revisions"}],"predecessor-version":[{"id":499806,"href":"http:\/\/desarrollo.grupomedios.com\/futbol\/wp-json\/wp\/v2\/posts\/499795\/revisions\/499806"}],"wp:featuredmedia":[{"embeddable":true,"href":"http:\/\/desarrollo.grupomedios.com\/futbol\/wp-json\/wp\/v2\/media\/499797"}],"wp:attachment":[{"href":"http:\/\/desarrollo.grupomedios.com\/futbol\/wp-json\/wp\/v2\/media?parent=499795"}],"wp:term":[{"taxonomy":"category","embeddable":true,"href":"http:\/\/desarrollo.grupomedios.com\/futbol\/wp-json\/wp\/v2\/categories?post=499795"},{"taxonomy":"post_tag","embeddable":true,"href":"http:\/\/desarrollo.grupomedios.com\/futbol\/wp-json\/wp\/v2\/tags?post=499795"}],"curies":[{"name":"wp","href":"https:\/\/api.w.org\/{rel}","templated":true}]}}