{"id":499804,"date":"2017-09-13T10:38:06","date_gmt":"2017-09-13T15:38:06","guid":{"rendered":"https:\/\/www.futboltotal.com.mx\/?p=499804"},"modified":"2017-09-13T10:38:06","modified_gmt":"2017-09-13T15:38:06","slug":"real-madrid-blinda-a-sus-estrellas","status":"publish","type":"post","link":"http:\/\/desarrollo.grupomedios.com\/futbol\/futbol-internacional\/real-madrid-blinda-a-sus-estrellas\/2017\/09","title":{"rendered":"Real Madrid &#8216;blinda&#8217; a sus estrellas"},"content":{"rendered":"<p>Este mi\u00e9rcoles el <strong>Real<\/strong> <strong>Madrid<\/strong> hizo oficial la renovaci\u00f3n de contrato del lateral izquierdo <strong>Marcelo<\/strong> Vieira hasta el <strong>2022<\/strong>, con esto aseguran tener bien cubierta esa banda y tener un respaldo antes de comenzar a buscar al suplente natural del brasile\u00f1o de 29 a\u00f1os.<\/p>\n<p>Sin embargo esto no es en lo \u00fanico que trabaj\u00f3 la entidad blanca, ya que al finalizar la campa\u00f1a, varias de sus\u00a0<strong><em>estrellas<\/em><\/strong> <strong>terminan<\/strong> <strong>contrato<\/strong> y no est\u00e1n dispuestos a dejar ir a ning\u00fan precio jugadores que son parte de un proyecto que les llev\u00f3 algunos a\u00f1os construir, comenzaron con la ampliaci\u00f3n de contrato para el brasile\u00f1o que ha sido parte del equipo desde 2006.<\/p>\n<p>La siguiente tarea que tienen los directivos\u00a0<em><strong>merengues<\/strong>\u00a0<\/em>son las renovaciones de hombres de importancia antes de que puedan abandonar el club sin que les paguen por ellos. El primer involucrado y el que m\u00e1s ilusiona y urge a los aficionados que se renueve es su\u00a0<em>mago,\u00a0<\/em>Francisco Rom\u00e1n Alarc\u00f3n.<\/p>\n<p>La importancia de poner en primer lugar a\u00a0<em><strong>Isco<\/strong>,\u00a0<\/em>es que es el primero en terminar contrato, aunque <strong>Florentino<\/strong> P\u00e9rez ya dijo en algunos programas de radio que el contrato est\u00e1 hecho a\u00fan no hay nada seguro pero la prensa espa\u00f1ola as\u00ed como la afici\u00f3n\u00a0<strong><em>blanca<\/em><\/strong> est\u00e1n confiados en que renovar\u00e1 y el club lo dar\u00eda a conocer en los pr\u00f3ximos d\u00edas, un contrato que ligar\u00eda al malague\u00f1o hasta <strong>2022<\/strong> con el Madrid.<\/p>\n<p>El siguiente apuntado es Karim <strong>Benzema<\/strong>, su contrato <strong>termina<\/strong> en <strong>2019<\/strong>. La realidad es que el delantero franc\u00e9s no pasa por su mejor momento y su cuota goleadora se ha visto reducido, sin embargo es uno de los hijos pr\u00f3digos del Bernab\u00e9u y es por ello que le ofrecer\u00edan un contrato hasta 2021.<\/p>\n<p style=\"text-align: center;\"><span style=\"color: #333399;\"><a style=\"color: #333399;\" href=\"https:\/\/www.futboltotal.com.mx\/2017\/09\/uefa-ya-quiere-equipos-chicos-en-champions-league\/\" target=\"_blank\" rel=\"noopener noreferrer\">VER M\u00c1S: UEFA solo quiere equipos de \u00e9lite en la Champions<\/a><\/span><\/p>\n<p>Los dos \u00faltimos jugadores que est\u00e1n en la lista del Real Madrid son Dani <strong>Carvajal<\/strong> que termina contrato hasta <strong>2020<\/strong>, a pesar de que le queda tiempo en la\u00a0<em><strong>casa<\/strong> <strong>blanca<\/strong><\/em>, no quieren arriesgarse a ning\u00fan escenario y es por eso que planean ofrecerle un par de a\u00f1os m\u00e1s en la entidad blanca.<\/p>\n<p>Junto a \u00e9l tambi\u00e9n est\u00e1 el nombre de <strong>Nacho<\/strong>, Raphael Varane y Sergio Ramos son los titulares en la central, sin embargo este joven ha demostrado que como lateral o central puede desarrollarse de manera extraordinaria; adem\u00e1s en el pasado &#8220;mercado de piernas&#8221; <strong>rechaz\u00f3<\/strong> algunas <strong>ofertas<\/strong> tras hablar con su entrenador y el <strong>&#8220;premio&#8221;<\/strong> que le dar\u00edan por su fidelidad es precisamente la extensi\u00f3n de contrato.<\/p>\n<p>Finalmente y como <strong>&#8220;bonus&#8221;<\/strong> la dirigencia blanca est\u00e1 trabajando para renovar al hombre que les dio la onceava y la doceava, se trata de Zinedine <strong>Zidane<\/strong> qui\u00e9n le ha dado siete t\u00edtulos a los\u00a0<em>merengues\u00a0<\/em>en menos de dos a\u00f1os y se especula ser\u00eda por tres temporadas m\u00e1s.<\/p>\n","protected":false},"excerpt":{"rendered":"<p>Isco, Benzema y Carvajal son los nombres en los que m\u00e1s se trabajan.<\/p>\n","protected":false},"author":20,"featured_media":499812,"comment_status":"closed","ping_status":"closed","sticky":false,"template":"","format":"standard","meta":[],"categories":[3839,3844],"tags":[1961,6419,6071,1197,8901,5988,2503,2943],"_links":{"self":[{"href":"http:\/\/desarrollo.grupomedios.com\/futbol\/wp-json\/wp\/v2\/posts\/499804"}],"collection":[{"href":"http:\/\/desarrollo.grupomedios.com\/futbol\/wp-json\/wp\/v2\/posts"}],"about":[{"href":"http:\/\/desarrollo.grupomedios.com\/futbol\/wp-json\/wp\/v2\/types\/post"}],"author":[{"embeddable":true,"href":"http:\/\/desarrollo.grupomedios.com\/futbol\/wp-json\/wp\/v2\/users\/20"}],"replies":[{"embeddable":true,"href":"http:\/\/desarrollo.grupomedios.com\/futbol\/wp-json\/wp\/v2\/comments?post=499804"}],"version-history":[{"count":1,"href":"http:\/\/desarrollo.grupomedios.com\/futbol\/wp-json\/wp\/v2\/posts\/499804\/revisions"}],"predecessor-version":[{"id":499813,"href":"http:\/\/desarrollo.grupomedios.com\/futbol\/wp-json\/wp\/v2\/posts\/499804\/revisions\/499813"}],"wp:featuredmedia":[{"embeddable":true,"href":"http:\/\/desarrollo.grupomedios.com\/futbol\/wp-json\/wp\/v2\/media\/499812"}],"wp:attachment":[{"href":"http:\/\/desarrollo.grupomedios.com\/futbol\/wp-json\/wp\/v2\/media?parent=499804"}],"wp:term":[{"taxonomy":"category","embeddable":true,"href":"http:\/\/desarrollo.grupomedios.com\/futbol\/wp-json\/wp\/v2\/categories?post=499804"},{"taxonomy":"post_tag","embeddable":true,"href":"http:\/\/desarrollo.grupomedios.com\/futbol\/wp-json\/wp\/v2\/tags?post=499804"}],"curies":[{"name":"wp","href":"https:\/\/api.w.org\/{rel}","templated":true}]}}