{"id":499815,"date":"2017-09-13T11:11:20","date_gmt":"2017-09-13T16:11:20","guid":{"rendered":"https:\/\/www.futboltotal.com.mx\/?p=499815"},"modified":"2017-09-13T11:12:07","modified_gmt":"2017-09-13T16:12:07","slug":"diego-costa-podria-llegar-al-futbol-arabia-saudita","status":"publish","type":"post","link":"http:\/\/desarrollo.grupomedios.com\/futbol\/futbol-internacional\/diego-costa-podria-llegar-al-futbol-arabia-saudita\/2017\/09","title":{"rendered":"Diego Costa podr\u00eda llegar al futbol de Arabia Saudita"},"content":{"rendered":"<p>El delantero espa\u00f1ol, <strong>Diego Costa<\/strong> contin\u00faa en inc\u00f3gnita con su futuro, pues a pesar que todo apunta a que llegar\u00e1 al <strong>Atl\u00e9tico de Madrid,<\/strong> el asunto no se ha resuelto y podr\u00eda llegar a pr\u00e9stamo en otros clubes.<\/p>\n<p>Los colchoneros han ofrecido <strong>40 millones de libras<\/strong> esterlinas, m\u00e1s <strong>9 millones<\/strong> en complementos y un pago de bonificaci\u00f3n de<strong> 4 millones<\/strong>\u00a0para la liberaci\u00f3n anticipada de Costa, de acuerdo al diario <em>Daily Mail.<\/em><\/p>\n<p style=\"text-align: center;\"><span style=\"color: #333399;\"><a style=\"color: #333399;\" href=\"https:\/\/www.futboltotal.com.mx\/2017\/09\/asi-messi-toco-himno-champions-league-en-piano\/\" target=\"_blank\" rel=\"noopener noreferrer\">VER M\u00c1S: As\u00ed es como Messi &#8216;toc\u00f3&#8217; el himno de la Champions League en piano<\/a><\/span><\/p>\n<p>Costa no podr\u00eda jugar con el<strong> &#8216;Atleti&#8217;<\/strong> hasta enero, por lo que algunos clubes han mostrado inter\u00e9s para hacerse con el delantero espa\u00f1ol hasta esta fecha. Uno de ellos es el<strong>\u00a0Al Hilal<\/strong> de <strong>Arabia Saudita<\/strong>, quien ha dicho que aceptar\u00eda al delantero en pr\u00e9stamo.<\/p>\n<p>Por otro lado se hablaba de un posible acuerdo en <strong>Turqu\u00eda<\/strong> con el\u00a0<strong>Fenerbahce y Besiktas<\/strong>; sin embargo, esto se ve cada vez m\u00e1s lejos.<\/p>\n<p>Atl\u00e9tico de Madrid est\u00e1 urgido que Costa se ponga en forma para enero, el delantero no juega desde mayo y desde el final de la temporada no ha tenido entrenamiento alguno con club.<\/p>\n<p style=\"text-align: center;\"><span style=\"color: #333399;\"><a style=\"color: #333399;\" href=\"https:\/\/www.futboltotal.com.mx\/2017\/09\/pipita-higuain-sena-obscena-a-la-aficion-del-barcelona\/\" target=\"_blank\" rel=\"noopener noreferrer\">VER M\u00c1S: Pipita Higua\u00edn hizo se\u00f1a obscena a afici\u00f3n del Barcelona<\/a><\/span><\/p>\n","protected":false},"excerpt":{"rendered":"<p>El espa\u00f1ol podr\u00eda irse en calidad de pr\u00e9stamo<\/p>\n","protected":false},"author":20,"featured_media":482504,"comment_status":"closed","ping_status":"closed","sticky":false,"template":"","format":"standard","meta":[],"categories":[7740,3839],"tags":[9463,1485,6007,5981,3205],"_links":{"self":[{"href":"http:\/\/desarrollo.grupomedios.com\/futbol\/wp-json\/wp\/v2\/posts\/499815"}],"collection":[{"href":"http:\/\/desarrollo.grupomedios.com\/futbol\/wp-json\/wp\/v2\/posts"}],"about":[{"href":"http:\/\/desarrollo.grupomedios.com\/futbol\/wp-json\/wp\/v2\/types\/post"}],"author":[{"embeddable":true,"href":"http:\/\/desarrollo.grupomedios.com\/futbol\/wp-json\/wp\/v2\/users\/20"}],"replies":[{"embeddable":true,"href":"http:\/\/desarrollo.grupomedios.com\/futbol\/wp-json\/wp\/v2\/comments?post=499815"}],"version-history":[{"count":2,"href":"http:\/\/desarrollo.grupomedios.com\/futbol\/wp-json\/wp\/v2\/posts\/499815\/revisions"}],"predecessor-version":[{"id":499823,"href":"http:\/\/desarrollo.grupomedios.com\/futbol\/wp-json\/wp\/v2\/posts\/499815\/revisions\/499823"}],"wp:featuredmedia":[{"embeddable":true,"href":"http:\/\/desarrollo.grupomedios.com\/futbol\/wp-json\/wp\/v2\/media\/482504"}],"wp:attachment":[{"href":"http:\/\/desarrollo.grupomedios.com\/futbol\/wp-json\/wp\/v2\/media?parent=499815"}],"wp:term":[{"taxonomy":"category","embeddable":true,"href":"http:\/\/desarrollo.grupomedios.com\/futbol\/wp-json\/wp\/v2\/categories?post=499815"},{"taxonomy":"post_tag","embeddable":true,"href":"http:\/\/desarrollo.grupomedios.com\/futbol\/wp-json\/wp\/v2\/tags?post=499815"}],"curies":[{"name":"wp","href":"https:\/\/api.w.org\/{rel}","templated":true}]}}