{"id":499829,"date":"2017-09-13T11:55:53","date_gmt":"2017-09-13T16:55:53","guid":{"rendered":"https:\/\/www.futboltotal.com.mx\/?p=499829"},"modified":"2017-09-13T11:55:53","modified_gmt":"2017-09-13T16:55:53","slug":"equipo-premier-league-rechazo-a-aubameyang","status":"publish","type":"post","link":"http:\/\/desarrollo.grupomedios.com\/futbol\/futbol-internacional\/equipo-premier-league-rechazo-a-aubameyang\/2017\/09","title":{"rendered":"El equipo de Premier League que rechaz\u00f3 a Aubameyang"},"content":{"rendered":"<p>El delantero del <strong>Borussia Dortmund<\/strong>,\u00a0<strong>Pierre-Emerick Aubameyang<\/strong>, se enfrentar\u00e1 en la <strong>UEFA Champions League<\/strong> al equipo que lo rechaz\u00f3 en su momento.<\/p>\n<p>El de Gab\u00f3n relat\u00f3 como estuvo en las instalaciones del <strong>Tottenham Hotspur<\/strong>, luego de una primer temporada con el\u00a0<strong>Saint-\u00c9tienne<\/strong>, inici\u00f3 una negociaci\u00f3n con los londinense y al final no lo contactaron.<\/p>\n<p style=\"text-align: center;\"><span style=\"color: #333399;\"><a style=\"color: #333399;\" href=\"https:\/\/www.futboltotal.com.mx\/2017\/09\/uefa-ya-quiere-equipos-chicos-en-champions-league\/\" target=\"_blank\" rel=\"noopener noreferrer\">VER M\u00c1S: UEFA ya no quiere equipos &#8216;chicos&#8217; en Champions League<\/a><\/span><\/p>\n<blockquote><p>&#8220;Estuve en Tottenham hace tiempo. Tuve un tour por el estadio y las canchas de entrenamiento. Hubo conversaciones. Pero despu\u00e9s de eso <strong>nadie me contact\u00f3 otra vez<\/strong>. Eso seguro que me servir\u00e1 de motivaci\u00f3n\u201d, declar\u00f3 Aubameyang para BILD.<\/p><\/blockquote>\n<p>En la llave de la pasada <strong>Europa League<\/strong>, Aubameyang ya le anot\u00f3 en tres ocasiones al cuadro del Tottenham, dos como visitante y una m\u00e1s en el <strong>Signal Iduna Park<\/strong>.<\/p>\n<p style=\"text-align: center;\"><span style=\"color: #333399;\"><a style=\"color: #333399;\" href=\"https:\/\/www.futboltotal.com.mx\/2017\/09\/asi-messi-toco-himno-champions-league-en-piano\/\" target=\"_blank\" rel=\"noopener noreferrer\">VER M\u00c1S: As\u00ed es como Messi &#8216;toc\u00f3 el himno de la Champions League en piano<\/a><\/span><\/p>\n<p><iframe loading=\"lazy\" src=\"https:\/\/www.youtube.com\/embed\/4Smwhpld4cE?feature=oembed\" frameborder=\"0\" allowfullscreen><\/iframe><\/p>\n","protected":false},"excerpt":{"rendered":"<p>El gabon\u00e9s pudo tener un destino muy distinto<\/p>\n","protected":false},"author":20,"featured_media":484855,"comment_status":"closed","ping_status":"closed","sticky":false,"template":"","format":"standard","meta":[],"categories":[3839],"tags":[6047,36,5078,7017],"_links":{"self":[{"href":"http:\/\/desarrollo.grupomedios.com\/futbol\/wp-json\/wp\/v2\/posts\/499829"}],"collection":[{"href":"http:\/\/desarrollo.grupomedios.com\/futbol\/wp-json\/wp\/v2\/posts"}],"about":[{"href":"http:\/\/desarrollo.grupomedios.com\/futbol\/wp-json\/wp\/v2\/types\/post"}],"author":[{"embeddable":true,"href":"http:\/\/desarrollo.grupomedios.com\/futbol\/wp-json\/wp\/v2\/users\/20"}],"replies":[{"embeddable":true,"href":"http:\/\/desarrollo.grupomedios.com\/futbol\/wp-json\/wp\/v2\/comments?post=499829"}],"version-history":[{"count":1,"href":"http:\/\/desarrollo.grupomedios.com\/futbol\/wp-json\/wp\/v2\/posts\/499829\/revisions"}],"predecessor-version":[{"id":499836,"href":"http:\/\/desarrollo.grupomedios.com\/futbol\/wp-json\/wp\/v2\/posts\/499829\/revisions\/499836"}],"wp:featuredmedia":[{"embeddable":true,"href":"http:\/\/desarrollo.grupomedios.com\/futbol\/wp-json\/wp\/v2\/media\/484855"}],"wp:attachment":[{"href":"http:\/\/desarrollo.grupomedios.com\/futbol\/wp-json\/wp\/v2\/media?parent=499829"}],"wp:term":[{"taxonomy":"category","embeddable":true,"href":"http:\/\/desarrollo.grupomedios.com\/futbol\/wp-json\/wp\/v2\/categories?post=499829"},{"taxonomy":"post_tag","embeddable":true,"href":"http:\/\/desarrollo.grupomedios.com\/futbol\/wp-json\/wp\/v2\/tags?post=499829"}],"curies":[{"name":"wp","href":"https:\/\/api.w.org\/{rel}","templated":true}]}}