{"id":499831,"date":"2017-09-13T11:53:53","date_gmt":"2017-09-13T16:53:53","guid":{"rendered":"https:\/\/www.futboltotal.com.mx\/?p=499831"},"modified":"2017-09-13T11:53:53","modified_gmt":"2017-09-13T16:53:53","slug":"fundacion-rafael-marquez-reanuda-actividades","status":"publish","type":"post","link":"http:\/\/desarrollo.grupomedios.com\/futbol\/futbol-mexicano\/fundacion-rafael-marquez-reanuda-actividades\/2017\/09","title":{"rendered":"Fundaci\u00f3n de Rafael M\u00e1rquez reanuda actividades"},"content":{"rendered":"<p>A pesar de que siguen las investigaciones en su contra por una supuesta relaci\u00f3n con el narcotr\u00e1fico, el defensa mexicano, <strong>Rafael M\u00e1rquez<\/strong>, ha dado a conocer que su Fundaci\u00f3n ha reanudado sus actividades en el sector de nutrici\u00f3n.<\/p>\n<p>Fue a trav\u00e9s de su cuenta de Twitter donde <strong>M\u00e1rquez<\/strong> anunci\u00f3 que cientos de ni\u00f1os continuar\u00e1n recibiendo su apoyo en conjunto de voluntarios y algunas amistades.<\/p>\n<p style=\"text-align: center;\"><span style=\"color: #3366ff;\"><a style=\"color: #3366ff;\" href=\"https:\/\/www.futboltotal.com.mx\/2017\/09\/hugo-sanchez-retracta-no-puedo-decir-no-mi-casa-pumas\/\">VER M\u00c1S: Hugo S\u00e1nchez se retracta: \u201cNo puedo decir no a mi casa (Pumas)\u201d<\/a><\/span><\/p>\n<blockquote class=\"twitter-tweet\" data-width=\"500\">\n<p lang=\"es\" dir=\"ltr\">Gracias al esfuerzo de las y los voluntarios y amigos, <a href=\"https:\/\/twitter.com\/RMfundacion\">@RMfundacion<\/a> reitera su compromiso con los ni\u00f1os y reinicia su programa de nutrici\u00f3n <a href=\"https:\/\/t.co\/nvJggACg5G\">pic.twitter.com\/nvJggACg5G<\/a><\/p>\n<p>&mdash; Rafa Marquez (@RafaMarquezMX) <a href=\"https:\/\/twitter.com\/RafaMarquezMX\/status\/907755649227907073\">September 12, 2017<\/a><\/p><\/blockquote>\n<p><script async src=\"\/\/platform.twitter.com\/widgets.js\" charset=\"utf-8\"><\/script><\/p>\n<p>Dentro de los logros de la Fundaci\u00f3n, se encontraban que a\u00f1o con a\u00f1o serv\u00edan m\u00e1s de 119 mil 441 platillos nutritivos a m\u00e1s de 700 ni\u00f1os para un mejor aprovechamiento escolar.<\/p>\n<p><strong>Rafael M\u00e1rquez<\/strong> a\u00fan contin\u00faa resolviendo su situaci\u00f3n legal, con el objetivo de disputar el Mundial de Rusia 2018<\/p>\n","protected":false},"excerpt":{"rendered":"<p>El mexicano lo anunci\u00f3 a trav\u00e9s de su cuenta de Twitter.<\/p>\n","protected":false},"author":20,"featured_media":404990,"comment_status":"closed","ping_status":"closed","sticky":false,"template":"","format":"standard","meta":[],"categories":[2198],"tags":[3883,6033],"_links":{"self":[{"href":"http:\/\/desarrollo.grupomedios.com\/futbol\/wp-json\/wp\/v2\/posts\/499831"}],"collection":[{"href":"http:\/\/desarrollo.grupomedios.com\/futbol\/wp-json\/wp\/v2\/posts"}],"about":[{"href":"http:\/\/desarrollo.grupomedios.com\/futbol\/wp-json\/wp\/v2\/types\/post"}],"author":[{"embeddable":true,"href":"http:\/\/desarrollo.grupomedios.com\/futbol\/wp-json\/wp\/v2\/users\/20"}],"replies":[{"embeddable":true,"href":"http:\/\/desarrollo.grupomedios.com\/futbol\/wp-json\/wp\/v2\/comments?post=499831"}],"version-history":[{"count":1,"href":"http:\/\/desarrollo.grupomedios.com\/futbol\/wp-json\/wp\/v2\/posts\/499831\/revisions"}],"predecessor-version":[{"id":499833,"href":"http:\/\/desarrollo.grupomedios.com\/futbol\/wp-json\/wp\/v2\/posts\/499831\/revisions\/499833"}],"wp:featuredmedia":[{"embeddable":true,"href":"http:\/\/desarrollo.grupomedios.com\/futbol\/wp-json\/wp\/v2\/media\/404990"}],"wp:attachment":[{"href":"http:\/\/desarrollo.grupomedios.com\/futbol\/wp-json\/wp\/v2\/media?parent=499831"}],"wp:term":[{"taxonomy":"category","embeddable":true,"href":"http:\/\/desarrollo.grupomedios.com\/futbol\/wp-json\/wp\/v2\/categories?post=499831"},{"taxonomy":"post_tag","embeddable":true,"href":"http:\/\/desarrollo.grupomedios.com\/futbol\/wp-json\/wp\/v2\/tags?post=499831"}],"curies":[{"name":"wp","href":"https:\/\/api.w.org\/{rel}","templated":true}]}}