{"id":499840,"date":"2017-09-13T12:26:46","date_gmt":"2017-09-13T17:26:46","guid":{"rendered":"https:\/\/www.futboltotal.com.mx\/?p=499840"},"modified":"2017-09-13T12:34:12","modified_gmt":"2017-09-13T17:34:12","slug":"dorados-perderia-duelo-ante-leones-abandono-martin","status":"publish","type":"post","link":"http:\/\/desarrollo.grupomedios.com\/futbol\/futbol-mexicano\/dorados-perderia-duelo-ante-leones-abandono-martin\/2017\/09","title":{"rendered":"Dorados perder\u00eda duelo ante Leones por abandono de Mart\u00edn"},"content":{"rendered":"<p>Hay situaciones que son imprevistas y salen de las manos de cualquier persona, algo as\u00ed sucedi\u00f3 este martes en duelo de la <strong>Copa<\/strong> que enfrent\u00f3 a <strong>Leones<\/strong> <strong>Negros<\/strong> y <strong>Dorados<\/strong> de Sinaloa en la <strong>\u00faltima<\/strong> <strong>jornada<\/strong> de la fase de grupos de la Copa MX.<\/p>\n<p><strong>Freddy<\/strong> <strong>Mart\u00edn<\/strong> estaba concentrado con <strong>Dorados<\/strong> para el duelo ante los melenudos sin embargo recibi\u00f3 una llamada, el <strong>parto<\/strong> de su <strong>esposa<\/strong> para traer al mundo a su primer hijo se <strong>adelant\u00f3<\/strong> <strong>cinco<\/strong> <strong>semanas<\/strong>, por lo que inmediatamente el jugador abandon\u00f3 la concentraci\u00f3n para viajar a M\u00e9rida en v\u00edsperas del duelo ante los jaliscienses por lo que los sinaloenses salieron al campo con un jugador menos, lo que incumple con el reglamento de la Copa.<\/p>\n<p>La <strong>reglas<\/strong> del torneo indican que el <strong>equipo<\/strong> <strong>visitante<\/strong> deber\u00e1 viajar con al menos <strong>18<\/strong> <strong>jugadores<\/strong>\u00a0de los cuales 12 deben ser del equipo estelar lo cu\u00e1l no hicieron los Dorados y ahora Leones Negros est\u00e1 a la espera de que la resoluci\u00f3n sea a su favor y puedan reclamar lo que por derecho les corresponde a pesar de haber perdido 2-1; las reglas establecen que la <strong>victoria<\/strong> deber\u00eda ser para el equipo de <strong>Guadalajara<\/strong>.<\/p>\n<p style=\"text-align: center;\"><span style=\"color: #333399;\"><a style=\"color: #333399;\" href=\"https:\/\/www.futboltotal.com.mx\/2017\/09\/hugo-sanchez-retracta-no-puedo-decir-no-mi-casa-pumas\/\" target=\"_blank\" rel=\"noopener noreferrer\">VER M\u00c1S: Hugo S\u00e1nchez no puede decirle que no a Pumas<\/a><\/span><\/p>\n<p><strong>Mart\u00edn<\/strong> no dej\u00f3 pasar la situaci\u00f3n y anunci\u00f3 que hab\u00eda sucedido con \u00e9l;\u00a0&#8220;Naci\u00f3 mi hijo, se adelant\u00f3 el parto, aqu\u00ed andamos en M\u00e9rida, un poco complicado porque fueron 5 semanas antes y se tuvo que quedar en incubadora&#8221;, coment\u00f3 el jugador.<\/p>\n<p>Este caso ir\u00e1 directamente a la <strong>Comisi\u00f3n<\/strong> <strong>Disciplinaria<\/strong>, ya que Dorados est\u00e1 presentando un <strong>&#8220;alineaci\u00f3n indebida&#8221;<\/strong>, ellos ser\u00e1n qui\u00e9nes decidan si salir para visitar a su esposa por la situaci\u00f3n del nacimiento prematuro de su hija es motivo para imputarles una &#8220;alineaci\u00f3n indebida&#8221;.<\/p>\n<p>Antes del duelo el\u00a0<em><strong>gran<\/strong> <strong>pez<\/strong>,\u00a0<\/em>intent\u00f3 solucionar la situaci\u00f3n inscribiendo a <strong>Jes\u00fas V\u00e1zquez<\/strong> para as\u00ed completar los 18 jugadores que en el reglamento solicita pero no procedi\u00f3 ya que el joven no es miembro del cuadro estelar.<\/p>\n<p>&nbsp;<\/p>\n","protected":false},"excerpt":{"rendered":"<p>El jugador dej\u00f3 incompleto a su equipo y perder\u00eda por alineaci\u00f3n indebida<\/p>\n","protected":false},"author":20,"featured_media":499843,"comment_status":"closed","ping_status":"closed","sticky":false,"template":"","format":"standard","meta":[],"categories":[4247,2198],"tags":[3584,285,759,10205,537],"_links":{"self":[{"href":"http:\/\/desarrollo.grupomedios.com\/futbol\/wp-json\/wp\/v2\/posts\/499840"}],"collection":[{"href":"http:\/\/desarrollo.grupomedios.com\/futbol\/wp-json\/wp\/v2\/posts"}],"about":[{"href":"http:\/\/desarrollo.grupomedios.com\/futbol\/wp-json\/wp\/v2\/types\/post"}],"author":[{"embeddable":true,"href":"http:\/\/desarrollo.grupomedios.com\/futbol\/wp-json\/wp\/v2\/users\/20"}],"replies":[{"embeddable":true,"href":"http:\/\/desarrollo.grupomedios.com\/futbol\/wp-json\/wp\/v2\/comments?post=499840"}],"version-history":[{"count":3,"href":"http:\/\/desarrollo.grupomedios.com\/futbol\/wp-json\/wp\/v2\/posts\/499840\/revisions"}],"predecessor-version":[{"id":499848,"href":"http:\/\/desarrollo.grupomedios.com\/futbol\/wp-json\/wp\/v2\/posts\/499840\/revisions\/499848"}],"wp:featuredmedia":[{"embeddable":true,"href":"http:\/\/desarrollo.grupomedios.com\/futbol\/wp-json\/wp\/v2\/media\/499843"}],"wp:attachment":[{"href":"http:\/\/desarrollo.grupomedios.com\/futbol\/wp-json\/wp\/v2\/media?parent=499840"}],"wp:term":[{"taxonomy":"category","embeddable":true,"href":"http:\/\/desarrollo.grupomedios.com\/futbol\/wp-json\/wp\/v2\/categories?post=499840"},{"taxonomy":"post_tag","embeddable":true,"href":"http:\/\/desarrollo.grupomedios.com\/futbol\/wp-json\/wp\/v2\/tags?post=499840"}],"curies":[{"name":"wp","href":"https:\/\/api.w.org\/{rel}","templated":true}]}}