{"id":499864,"date":"2017-09-13T13:49:38","date_gmt":"2017-09-13T18:49:38","guid":{"rendered":"https:\/\/www.futboltotal.com.mx\/?p=499864"},"modified":"2017-09-13T13:49:38","modified_gmt":"2017-09-13T18:49:38","slug":"generoso-donativo-cruz-azul-afectados-sismo","status":"publish","type":"post","link":"http:\/\/desarrollo.grupomedios.com\/futbol\/futbol-mexicano\/generoso-donativo-cruz-azul-afectados-sismo\/2017\/09","title":{"rendered":"Generoso donativo de Cruz Azul para afectados por el sismo"},"content":{"rendered":"<p>La ayuda que est\u00e1 brindando la <strong>Cooperativa<\/strong> <strong>Cruz<\/strong> <strong>Azul<\/strong> que est\u00e1 conformada por 18 empresas en las que se incluye al <strong>Club<\/strong> de F\u00fatbol, hab\u00eda hecho un <strong>donativo<\/strong> que rondaba los <strong>2.5 millones de d\u00f3lares<\/strong> para los <strong>afectados<\/strong> por el <strong>sismo<\/strong> que dej\u00f3 destruidas grandes partes de <strong>Oaxaca<\/strong> y <strong>Chiapas<\/strong>.<\/p>\n<p>Pero la ayuda de los celestes no termina ah\u00ed, esta ma\u00f1ana sali\u00f3 un cami\u00f3n con destino a estos dos estados de la Rep\u00fablica con <strong>v\u00edveres<\/strong> que logr\u00f3 reunir toda la entidad <strong>celeste <\/strong>a lo largo de esta semana, adem\u00e1s de los v\u00edveres tambi\u00e9n apoyaron con <strong>mano<\/strong> de <strong>obra<\/strong> y <strong>maquinaria<\/strong>.<\/p>\n<p>Jugadores se mostraban adem\u00e1s de comprometidos muy felices por poder ayudar a esta noble causa despu\u00e9s de los impactantes da\u00f1os que esto caus\u00f3.<\/p>\n<p>&nbsp;<\/p>\n<blockquote class=\"twitter-tweet\" data-lang=\"es\">\n<p dir=\"ltr\" lang=\"es\">Para que sientan nuestro cari\u00f1o y apoyo <a href=\"https:\/\/twitter.com\/hashtag\/Chiapas?src=hash\">#Chiapas<\/a> no est\u00e1 solo &#x1f1f2;&#x1f1fd;&#x1f4aa;&#x1f3fc;&#x1f4aa;&#x1f3fc; <a href=\"https:\/\/t.co\/LBF8wnHiUo\">pic.twitter.com\/LBF8wnHiUo<\/a><\/p>\n<p>\u2014 edgar (@edgarmendez9) <a href=\"https:\/\/twitter.com\/edgarmendez9\/status\/907687553909837825\">12 de septiembre de 2017<\/a><\/p><\/blockquote>\n<p><script async src=\"\/\/platform.twitter.com\/widgets.js\" charset=\"utf-8\"><\/script><\/p>\n<p>En esta donaci\u00f3n no intervinieron solo los <strong>aficionados<\/strong> con sus aportes, <strong>directivos<\/strong>, <strong>jugadores<\/strong>, <strong>administrativos<\/strong>, <strong>cuerpo<\/strong> <strong>t\u00e9cnico<\/strong> y <strong>trabajadores<\/strong> del club tambi\u00e9n aportaron un poco para recolectar m\u00e1s ayuda, en la conferencia de prensa de esta ma\u00f1ana <strong>Christian<\/strong> <strong>Gim\u00e9nez<\/strong> habl\u00f3 de esta situaci\u00f3n y asegur\u00f3 que trataron de juntar la mayor cantidad posible de v\u00edveres y agradeci\u00f3 a su directiva por tambi\u00e9n involucrarse.<\/p>\n<p style=\"text-align: center;\"><span style=\"color: #333399;\"><a style=\"color: #333399;\" href=\"https:\/\/www.futboltotal.com.mx\/2017\/09\/piden-a-fifa-repetir-partido-culpa-la-esposa-del-arbitro\/\" target=\"_blank\" rel=\"noopener noreferrer\">VER M\u00c1S: Piden repetir partido por culpa de la esposa del \u00e1rbitro.<\/a><\/span><\/p>\n<p>\u201cAgradecemos a quienes est\u00e1n apoyando, como el presidente y su comitiva, as\u00ed como a la Cooperativa de Hidalgo por su apoyo. Ya sali\u00f3 de aqu\u00ed la ayuda correspondiente\u201d, afirm\u00f3 el mediocampista.<\/p>\n","protected":false},"excerpt":{"rendered":"<p>Jugadores, directiva, cuerpo t\u00e9cnico y trabajadores aportaron a la noble causa.<\/p>\n","protected":false},"author":20,"featured_media":499874,"comment_status":"closed","ping_status":"closed","sticky":false,"template":"","format":"standard","meta":[],"categories":[2198,3845],"tags":[10209,368,5964,5962,10208,4192,758,10159],"_links":{"self":[{"href":"http:\/\/desarrollo.grupomedios.com\/futbol\/wp-json\/wp\/v2\/posts\/499864"}],"collection":[{"href":"http:\/\/desarrollo.grupomedios.com\/futbol\/wp-json\/wp\/v2\/posts"}],"about":[{"href":"http:\/\/desarrollo.grupomedios.com\/futbol\/wp-json\/wp\/v2\/types\/post"}],"author":[{"embeddable":true,"href":"http:\/\/desarrollo.grupomedios.com\/futbol\/wp-json\/wp\/v2\/users\/20"}],"replies":[{"embeddable":true,"href":"http:\/\/desarrollo.grupomedios.com\/futbol\/wp-json\/wp\/v2\/comments?post=499864"}],"version-history":[{"count":1,"href":"http:\/\/desarrollo.grupomedios.com\/futbol\/wp-json\/wp\/v2\/posts\/499864\/revisions"}],"predecessor-version":[{"id":499875,"href":"http:\/\/desarrollo.grupomedios.com\/futbol\/wp-json\/wp\/v2\/posts\/499864\/revisions\/499875"}],"wp:featuredmedia":[{"embeddable":true,"href":"http:\/\/desarrollo.grupomedios.com\/futbol\/wp-json\/wp\/v2\/media\/499874"}],"wp:attachment":[{"href":"http:\/\/desarrollo.grupomedios.com\/futbol\/wp-json\/wp\/v2\/media?parent=499864"}],"wp:term":[{"taxonomy":"category","embeddable":true,"href":"http:\/\/desarrollo.grupomedios.com\/futbol\/wp-json\/wp\/v2\/categories?post=499864"},{"taxonomy":"post_tag","embeddable":true,"href":"http:\/\/desarrollo.grupomedios.com\/futbol\/wp-json\/wp\/v2\/tags?post=499864"}],"curies":[{"name":"wp","href":"https:\/\/api.w.org\/{rel}","templated":true}]}}