{"id":499876,"date":"2017-09-13T14:38:42","date_gmt":"2017-09-13T19:38:42","guid":{"rendered":"https:\/\/www.futboltotal.com.mx\/?p=499876"},"modified":"2017-09-13T14:38:42","modified_gmt":"2017-09-13T19:38:42","slug":"paris-los-angeles-oficialmente-olimpicas","status":"publish","type":"post","link":"http:\/\/desarrollo.grupomedios.com\/futbol\/cambio-de-juego\/paris-los-angeles-oficialmente-olimpicas\/2017\/09","title":{"rendered":"Par\u00eds y Los \u00c1ngeles son oficialmente &#8220;Ol\u00edmpicas&#8221;"},"content":{"rendered":"<p>Este <strong>lunes<\/strong> se dio a conocer que la <strong>Asamblea<\/strong> del <strong>Comit\u00e9<\/strong> <strong>Ol\u00edmpico<\/strong> <strong>Internacional<\/strong>, acepto las propuestas de <strong>Par\u00eds<\/strong> y <strong>Los<\/strong> <strong>\u00c1ngeles<\/strong> para ser \u00f1as sedes de los <strong>Juegos<\/strong> <strong>Ol\u00edmpicos<\/strong> del <strong>2024<\/strong> y del <strong>2028<\/strong> respectivamente.<\/p>\n<p>A trav\u00e9s de su cuenta oficial de <strong>twitter<\/strong>, los <strong>Juegos<\/strong> <strong>Ol\u00edmpicos<\/strong> felicitaron a ambas sedes que en las pr\u00f3ximas ediciones de esta justa ser\u00e1n los que la alberguen.<\/p>\n<p>&nbsp;<\/p>\n<blockquote class=\"twitter-video\" data-lang=\"es\">\n<p dir=\"ltr\" lang=\"es\">Felicitaciones a <a href=\"https:\/\/twitter.com\/Paris2024\">@Paris2024<\/a> y <a href=\"https:\/\/twitter.com\/LA2028\">@LA2028<\/a>, las pr\u00f3ximas sedes de los <a href=\"https:\/\/twitter.com\/hashtag\/JuegosOlimpicos?src=hash\">#JuegosOlimpicos<\/a> de verano <a href=\"https:\/\/twitter.com\/hashtag\/IOCSession?src=hash\">#IOCSession<\/a> <a href=\"https:\/\/twitter.com\/hashtag\/Lima?src=hash\">#Lima<\/a> <a href=\"https:\/\/t.co\/z4Ms0Fs3k1\">pic.twitter.com\/z4Ms0Fs3k1<\/a><\/p>\n<p>\u2014 Los Juegos Ol\u00edmpicos (@juegosolimpicos) <a href=\"https:\/\/twitter.com\/juegosolimpicos\/status\/908025633204293633\">13 de septiembre de 2017<\/a><\/p><\/blockquote>\n<p><script async src=\"\/\/platform.twitter.com\/widgets.js\" charset=\"utf-8\"><\/script><\/p>\n<p>Fue una decisi\u00f3n un\u00e1nime la que tom\u00f3 el <strong>Comit\u00e9<\/strong> y es la primera vez que anuncian a <strong>dos<\/strong> <strong>sedes<\/strong> de Juegos Ol\u00edmpicos al mismo tiempo y tambi\u00e9n es la primera vez que anuncian una con 11 a\u00f1os de antelaci\u00f3n; <strong>Par\u00eds<\/strong> volver\u00e1 a organizar esta justa despu\u00e9s de 100 a\u00f1os al haberla realizado en 1924 en los denominados <strong>&#8220;Juegos de la VIII Olimpiada&#8221;<\/strong>.<\/p>\n<p style=\"text-align: center;\"><span style=\"color: #333399;\"><a style=\"color: #333399;\" href=\"https:\/\/www.futboltotal.com.mx\/2017\/09\/casillas-supera-xavi-competencias-uefa\" target=\"_blank\" rel=\"noopener noreferrer\">VER M\u00c1S: Casillas supera a Xavi<\/a><\/span><\/p>\n<p>Par\u00eds y Los \u00c1ngeles estaban compitiendo por organizar la edici\u00f3n de 2024 pero hace unos meses renunciaron a ser sedes tanto Roma como Hamburgo y Budapest por lo que el COI decidi\u00f3 darle las dos ediciones siguientes a estas ciudades.<\/p>\n","protected":false},"excerpt":{"rendered":"<p>El Comit\u00e9 Ol\u00edmpico Internacional decidi\u00f3 entregarle las sedes de las dos pr\u00f3ximas ediciones a estas ciudades.<\/p>\n","protected":false},"author":20,"featured_media":499886,"comment_status":"closed","ping_status":"closed","sticky":false,"template":"","format":"standard","meta":[],"categories":[5419],"tags":[10211,10212,1911,9069,4832,6510],"_links":{"self":[{"href":"http:\/\/desarrollo.grupomedios.com\/futbol\/wp-json\/wp\/v2\/posts\/499876"}],"collection":[{"href":"http:\/\/desarrollo.grupomedios.com\/futbol\/wp-json\/wp\/v2\/posts"}],"about":[{"href":"http:\/\/desarrollo.grupomedios.com\/futbol\/wp-json\/wp\/v2\/types\/post"}],"author":[{"embeddable":true,"href":"http:\/\/desarrollo.grupomedios.com\/futbol\/wp-json\/wp\/v2\/users\/20"}],"replies":[{"embeddable":true,"href":"http:\/\/desarrollo.grupomedios.com\/futbol\/wp-json\/wp\/v2\/comments?post=499876"}],"version-history":[{"count":1,"href":"http:\/\/desarrollo.grupomedios.com\/futbol\/wp-json\/wp\/v2\/posts\/499876\/revisions"}],"predecessor-version":[{"id":499887,"href":"http:\/\/desarrollo.grupomedios.com\/futbol\/wp-json\/wp\/v2\/posts\/499876\/revisions\/499887"}],"wp:featuredmedia":[{"embeddable":true,"href":"http:\/\/desarrollo.grupomedios.com\/futbol\/wp-json\/wp\/v2\/media\/499886"}],"wp:attachment":[{"href":"http:\/\/desarrollo.grupomedios.com\/futbol\/wp-json\/wp\/v2\/media?parent=499876"}],"wp:term":[{"taxonomy":"category","embeddable":true,"href":"http:\/\/desarrollo.grupomedios.com\/futbol\/wp-json\/wp\/v2\/categories?post=499876"},{"taxonomy":"post_tag","embeddable":true,"href":"http:\/\/desarrollo.grupomedios.com\/futbol\/wp-json\/wp\/v2\/tags?post=499876"}],"curies":[{"name":"wp","href":"https:\/\/api.w.org\/{rel}","templated":true}]}}