{"id":499900,"date":"2017-09-13T15:34:49","date_gmt":"2017-09-13T20:34:49","guid":{"rendered":"https:\/\/www.futboltotal.com.mx\/?p=499900"},"modified":"2017-09-13T15:34:49","modified_gmt":"2017-09-13T20:34:49","slug":"curioso-motivo-asensio-jugo-real-madrid","status":"publish","type":"post","link":"http:\/\/desarrollo.grupomedios.com\/futbol\/futbol-internacional\/curioso-motivo-asensio-jugo-real-madrid\/2017\/09","title":{"rendered":"El curioso motivo por el que Asensio no jug\u00f3 con el Real Madrid"},"content":{"rendered":"<p>Durante la presentaci\u00f3n del <strong>Real Madrid<\/strong> en la <strong>Champions League<\/strong> ante el APOEL, el conjunto de <strong>Zinedine Zidane<\/strong> no pudo contar con su joya <strong>Marco Asensio<\/strong>.<\/p>\n<p>Fue el mismo entrenador franc\u00e9s quien dio el &#8220;parte m\u00e9dico&#8221; y el curioso motivo por el que <strong>Asensio<\/strong> no pudo participar, pues un grano fue el culpable de su ausencia.<\/p>\n<p style=\"text-align: center;\"><span style=\"color: #3366ff;\"><a style=\"color: #3366ff;\" href=\"https:\/\/www.futboltotal.com.mx\/2017\/09\/psg-se-roba-a-jugador-del-barcelona\/\">VER M\u00c1S: El PSG se roba a otro jugador del Barcelona<\/a><\/span><\/p>\n<blockquote class=\"twitter-tweet\" data-width=\"500\">\n<p lang=\"es\" dir=\"ltr\">La raz\u00f3n de la baja de Asensio explicada por Zidane. Deduzcan. <a href=\"https:\/\/t.co\/F9ALAvqNDP\">pic.twitter.com\/F9ALAvqNDP<\/a><\/p>\n<p>&mdash; RealEsparta\u03b2 (@RealEspartaB) <a href=\"https:\/\/twitter.com\/RealEspartaB\/status\/907679065330642945\">September 12, 2017<\/a><\/p><\/blockquote>\n<p><script async src=\"\/\/platform.twitter.com\/widgets.js\" charset=\"utf-8\"><\/script><\/p>\n<p>Incre\u00edblemente los medios espa\u00f1oles debaten entre dos teor\u00edas: la picadura de un mosco que se infect\u00f3, mientras otros se\u00f1alan que es un vello enterrado al momento de depilarse.<\/p>\n<p>La molestia que el grano le causa a <strong>Asensio<\/strong> es tanta, que el jugador del <strong>Real Madrid<\/strong> no se pod\u00eda poner ni las medias para entrenar ni jugar en la cancha del Santiago Bernab\u00e9u.<\/p>\n","protected":false},"excerpt":{"rendered":"<p>Los Merengues no pudieron contar con su joya en el inicio de la Champions.<\/p>\n","protected":false},"author":20,"featured_media":499389,"comment_status":"closed","ping_status":"closed","sticky":false,"template":"","format":"standard","meta":[],"categories":[3841,3839],"tags":[36,6116,5988],"_links":{"self":[{"href":"http:\/\/desarrollo.grupomedios.com\/futbol\/wp-json\/wp\/v2\/posts\/499900"}],"collection":[{"href":"http:\/\/desarrollo.grupomedios.com\/futbol\/wp-json\/wp\/v2\/posts"}],"about":[{"href":"http:\/\/desarrollo.grupomedios.com\/futbol\/wp-json\/wp\/v2\/types\/post"}],"author":[{"embeddable":true,"href":"http:\/\/desarrollo.grupomedios.com\/futbol\/wp-json\/wp\/v2\/users\/20"}],"replies":[{"embeddable":true,"href":"http:\/\/desarrollo.grupomedios.com\/futbol\/wp-json\/wp\/v2\/comments?post=499900"}],"version-history":[{"count":1,"href":"http:\/\/desarrollo.grupomedios.com\/futbol\/wp-json\/wp\/v2\/posts\/499900\/revisions"}],"predecessor-version":[{"id":499907,"href":"http:\/\/desarrollo.grupomedios.com\/futbol\/wp-json\/wp\/v2\/posts\/499900\/revisions\/499907"}],"wp:featuredmedia":[{"embeddable":true,"href":"http:\/\/desarrollo.grupomedios.com\/futbol\/wp-json\/wp\/v2\/media\/499389"}],"wp:attachment":[{"href":"http:\/\/desarrollo.grupomedios.com\/futbol\/wp-json\/wp\/v2\/media?parent=499900"}],"wp:term":[{"taxonomy":"category","embeddable":true,"href":"http:\/\/desarrollo.grupomedios.com\/futbol\/wp-json\/wp\/v2\/categories?post=499900"},{"taxonomy":"post_tag","embeddable":true,"href":"http:\/\/desarrollo.grupomedios.com\/futbol\/wp-json\/wp\/v2\/tags?post=499900"}],"curies":[{"name":"wp","href":"https:\/\/api.w.org\/{rel}","templated":true}]}}