{"id":499906,"date":"2017-09-13T16:01:57","date_gmt":"2017-09-13T21:01:57","guid":{"rendered":"https:\/\/www.futboltotal.com.mx\/?p=499906"},"modified":"2017-09-13T16:28:38","modified_gmt":"2017-09-13T21:28:38","slug":"201709tigres-no-termina-con-las-malas-noticias-pierden-a-un-jugador","status":"publish","type":"post","link":"http:\/\/desarrollo.grupomedios.com\/futbol\/futbol-mexicano\/201709tigres-no-termina-con-las-malas-noticias-pierden-a-un-jugador\/2017\/09","title":{"rendered":"Tigres no termina con las malas noticias, pierden a un jugador"},"content":{"rendered":"<p>Despu\u00e9s de la lamentable <strong>exhibici\u00f3n<\/strong> que dieron la <strong>noche<\/strong> del <strong>martes<\/strong> en el duelo de <strong>Copa<\/strong> en el que <strong>Zacatepec<\/strong> los <strong>derrotara<\/strong> 3-1 y los <strong>dejara<\/strong> <strong>fuera<\/strong> de la Copa, este mi\u00e9rcoles continu\u00f3 con los trabajos para preparar lo que ser\u00e1 el duelo de la <strong>Jornada<\/strong> <strong>9<\/strong> en la <strong>Liga<\/strong> donde se enfrentar\u00e1n a <strong>Monarcas<\/strong>.<\/p>\n<p>Pero las malas noticias no terminaron para el conjunto de <strong>San<\/strong> <strong>Nicol\u00e1s<\/strong> de los Garza, ya que durante el entrenamiento se confirm\u00f3 la <strong>lesi\u00f3n<\/strong> de <strong>Lucas<\/strong> <strong>Zelaray\u00e1n<\/strong> y no estar\u00e1 disponible para el juego ante la monarqu\u00eda.<\/p>\n<p style=\"text-align: center;\"><span style=\"color: #333399;\"><a style=\"color: #333399;\" href=\"https:\/\/www.futboltotal.com.mx\/2017\/09\/chaco-gimenez-podria-salir-cruz-azul-en-diciembre\/\" target=\"_blank\" rel=\"noopener noreferrer\">VER M\u00c1S: Diciembre ser\u00e1&#8230;\u00bfEl adi\u00f3s al &#8216;Chaco&#8217;?<\/a><\/span><\/p>\n<p>El\u00a0<strong><em>chino<\/em><\/strong> sufri\u00f3 una <strong>molestia<\/strong> en la parte posterior del <strong>muslo<\/strong> izquierdo, misma que lo hizo abandonar el juego de anoche antes de la primera media hora del compromiso, el <strong>argentino<\/strong> ser\u00e1 <strong>evaluado<\/strong> y le realizar\u00e1n <strong>ex\u00e1menes<\/strong> este jueves para conocer el alcance que tiene su <strong>lesi\u00f3n<\/strong>.<\/p>\n<p>&nbsp;<\/p>\n","protected":false},"excerpt":{"rendered":"<p>Se le practicar\u00e1n estudios este jueves al &#8216;Chino&#8217; para conocer la gravedad de su lesi\u00f3n.<\/p>\n","protected":false},"author":20,"featured_media":499919,"comment_status":"closed","ping_status":"closed","sticky":false,"template":"","format":"standard","meta":[],"categories":[2198,3845],"tags":[10176,1245,8084,5973],"_links":{"self":[{"href":"http:\/\/desarrollo.grupomedios.com\/futbol\/wp-json\/wp\/v2\/posts\/499906"}],"collection":[{"href":"http:\/\/desarrollo.grupomedios.com\/futbol\/wp-json\/wp\/v2\/posts"}],"about":[{"href":"http:\/\/desarrollo.grupomedios.com\/futbol\/wp-json\/wp\/v2\/types\/post"}],"author":[{"embeddable":true,"href":"http:\/\/desarrollo.grupomedios.com\/futbol\/wp-json\/wp\/v2\/users\/20"}],"replies":[{"embeddable":true,"href":"http:\/\/desarrollo.grupomedios.com\/futbol\/wp-json\/wp\/v2\/comments?post=499906"}],"version-history":[{"count":2,"href":"http:\/\/desarrollo.grupomedios.com\/futbol\/wp-json\/wp\/v2\/posts\/499906\/revisions"}],"predecessor-version":[{"id":499920,"href":"http:\/\/desarrollo.grupomedios.com\/futbol\/wp-json\/wp\/v2\/posts\/499906\/revisions\/499920"}],"wp:featuredmedia":[{"embeddable":true,"href":"http:\/\/desarrollo.grupomedios.com\/futbol\/wp-json\/wp\/v2\/media\/499919"}],"wp:attachment":[{"href":"http:\/\/desarrollo.grupomedios.com\/futbol\/wp-json\/wp\/v2\/media?parent=499906"}],"wp:term":[{"taxonomy":"category","embeddable":true,"href":"http:\/\/desarrollo.grupomedios.com\/futbol\/wp-json\/wp\/v2\/categories?post=499906"},{"taxonomy":"post_tag","embeddable":true,"href":"http:\/\/desarrollo.grupomedios.com\/futbol\/wp-json\/wp\/v2\/tags?post=499906"}],"curies":[{"name":"wp","href":"https:\/\/api.w.org\/{rel}","templated":true}]}}