{"id":499927,"date":"2017-09-13T16:38:16","date_gmt":"2017-09-13T21:38:16","guid":{"rendered":"https:\/\/www.futboltotal.com.mx\/?p=499927"},"modified":"2017-09-13T16:39:21","modified_gmt":"2017-09-13T21:39:21","slug":"201709","status":"publish","type":"post","link":"http:\/\/desarrollo.grupomedios.com\/futbol\/futbol-internacional\/201709\/2017\/09","title":{"rendered":"Porto de Tecatito cae ante Besiktas en Champions League"},"content":{"rendered":"<p>Un acertado Besiktas, que supo aprovechar sus oportunidades ante el Porto, se llev\u00f3 los tres puntos en el Estadio Do Drag\u00e3o (1-3) gracias a los goles del brasile\u00f1o Talisca, el turco Tosun y el holand\u00e9s Babel.<\/p>\n<p>Con un inicio del partido muy igualado, fue Talisca, ex del rival Benfica y pitado por la grada blanquiazul cada vez que tocaba un bal\u00f3n, quien logr\u00f3 desequilibrar el encuentro hacia los turcos al cabecear a las redes un centro lanzado por el portugu\u00e9s Quaresma en el minuto 13.<\/p>\n<blockquote class=\"twitter-video\" data-lang=\"es\">\n<p dir=\"ltr\" lang=\"tr\">Tam 1 sene \u00f6nce bug\u00fcn, yine <a href=\"https:\/\/twitter.com\/hashtag\/Talisca?src=hash\">#Talisca<\/a> yla g\u00fclm\u00fc\u015ft\u00fc y\u00fcz\u00fcm\u00fcz.<br \/>\nVallahi biz sana a\u015f\u0131\u011f\u0131z:* \u2661 <a href=\"https:\/\/twitter.com\/Besiktas\">@Besiktas<\/a> <a href=\"https:\/\/twitter.com\/hashtag\/Be%C5%9Fikta%C5%9F?src=hash\">#Be\u015fikta\u015f<\/a> Ulan! <a href=\"https:\/\/t.co\/CSBNg0HZ5G\">pic.twitter.com\/CSBNg0HZ5G<\/a><\/p>\n<p>\u2014 Ezgi Han\u0131m Afitap &#x1f47b; (@iremezgi__) <a href=\"https:\/\/twitter.com\/iremezgi__\/status\/908074300409774080\">13 de septiembre de 2017<\/a><\/p><\/blockquote>\n<p><script async src=\"\/\/platform.twitter.com\/widgets.js\" charset=\"utf-8\"><\/script><\/p>\n<p style=\"text-align: center;\"><span style=\"color: #333399;\"><a style=\"color: #333399;\" href=\"https:\/\/www.futboltotal.com.mx\/2017\/09\/psg-se-roba-a-jugador-del-barcelona\/\" target=\"_blank\" rel=\"noopener noreferrer\">VER M\u00c1S: El PSG le roba otro jugador al Barcelona<\/a><\/span><\/p>\n<p>Casillas, que sum\u00f3 hoy un nuevo r\u00e9cord al convertirse en el jugador con m\u00e1s partidos en competiciones UEFA de la historia, no tuvo opciones para detener el bal\u00f3n y encaj\u00f3 as\u00ed su primer gol de la temporada, ya que hab\u00eda logrado mantener la porter\u00eda a cero en las cinco primeras jornadas de Liga.<\/p>\n<p>Los Dragones consiguieron el empate en el minuto 21 con un autogol de Tosic en la secuencia de un lanzamiento de c\u00f3rner del brasile\u00f1o Alex Telles.<\/p>\n<blockquote class=\"twitter-video\" data-lang=\"es\">\n<p dir=\"ltr\" lang=\"es\">El gol en contra de Tosic para el Porto 1-1 Besiktas. Hab\u00eda estrellado una en el poste \u00d3liver antes. <a href=\"https:\/\/twitter.com\/hashtag\/UCL?src=hash\">#UCL<\/a> <a href=\"https:\/\/t.co\/tbiKI8753o\">pic.twitter.com\/tbiKI8753o<\/a><\/p>\n<p>\u2014 Luis De Freitas (@Tavome_) <a href=\"https:\/\/twitter.com\/Tavome_\/status\/908045405887365120\">13 de septiembre de 2017<\/a><\/p><\/blockquote>\n<p><script async src=\"\/\/platform.twitter.com\/widgets.js\" charset=\"utf-8\"><\/script><\/p>\n<p>Un derechazo desde fuera del \u00e1rea de Tosun, que pas\u00f3 entre la defensa blanquiazul, subi\u00f3 al marcador en el minuto 27.<\/p>\n<blockquote class=\"twitter-video\" data-lang=\"es\">\n<p dir=\"ltr\" lang=\"tr\">Cenk Tosun 150 milyon lan :d <a href=\"https:\/\/t.co\/hNMLSvC4ew\">pic.twitter.com\/hNMLSvC4ew<\/a><\/p>\n<p>\u2014 Evseksisi (@Evseksisi) <a href=\"https:\/\/twitter.com\/Evseksisi\/status\/908047983538831361\">13 de septiembre de 2017<\/a><\/p><\/blockquote>\n<p><script async src=\"\/\/platform.twitter.com\/widgets.js\" charset=\"utf-8\"><\/script><\/p>\n<p>El t\u00e9cnico luso S\u00e9rgio Concei\u00e7\u00e3o aprovech\u00f3 el descanso para oxigenar la medular y dio entrada al luso Andr\u00e9 Andr\u00e9 y al brasile\u00f1o Ot\u00e1vio, con los que el Porto aument\u00f3 la intensidad e inici\u00f3 un asedio a la porter\u00eda del espa\u00f1ol Fabri.<\/p>\n<p>Pero los minutos fueron pasando y los numerosos saques de esquina, las aproximaciones del delantero brasile\u00f1o Soares e incluso un posible penalti no pitado por una mano dentro del \u00e1rea no fueron suficientes para anular la ventaja del Besiktas, bien plantado sobre el c\u00e9sped.<\/p>\n<p>A falta de goles, la grada lusa dedic\u00f3 los aplausos a Quaresma cuando sali\u00f3 del c\u00e9sped para dejar su puesto al espa\u00f1ol \u00c1lvaro Negredo, que acab\u00f3 contribuyendo a la victoria turca.<\/p>\n<p>En el minuto 85, el espa\u00f1ol recibi\u00f3 un bal\u00f3n en la banda derecha y se lo dej\u00f3 atr\u00e1s a Babel, que desde el \u00e1rea grande remat\u00f3 a puerta y consigui\u00f3 el gol a pesar de que Casillas lleg\u00f3 a rozar la pelota con los guantes.<\/p>\n<blockquote class=\"twitter-video\" data-lang=\"es\">\n<p dir=\"ltr\" lang=\"tr\"><a href=\"https:\/\/twitter.com\/hashtag\/UCL?src=hash\">#UCL<\/a> &#x1f3c6; Porto 1-3 Be\u015fikta\u015f<br \/>\nRyan Babel&#8217;in skoru belirleyen gol\u00fc ile Be\u015fikta\u015f, Porto deplasman\u0131ndan 3-1 galip ayr\u0131l\u0131yor. <a href=\"https:\/\/t.co\/CwXZ6qNj3y\">pic.twitter.com\/CwXZ6qNj3y<\/a><\/p>\n<p>\u2014 Forza BE\u015e\u0130KTA\u015e (@GURURLANNNN) <a href=\"https:\/\/twitter.com\/GURURLANNNN\/status\/908069663346712584\">13 de septiembre de 2017<\/a><\/p><\/blockquote>\n<p><script async src=\"\/\/platform.twitter.com\/widgets.js\" charset=\"utf-8\"><\/script><\/p>\n<p style=\"text-align: center;\"><span style=\"color: #333399;\"><a style=\"color: #333399;\" href=\"https:\/\/www.futboltotal.com.mx\/2017\/09\/soundtrack-del-fifa-18-se-ha-dado-a-conocer\/\" target=\"_blank\" rel=\"noopener noreferrer\">VER M\u00c1S: Este es el soundtrack del Fifa 2018<\/a><\/span><\/p>\n","protected":false},"excerpt":{"rendered":"<p>Herrera, Lay\u00fan y Reyes se quedaron sin minutos<\/p>\n","protected":false},"author":144,"featured_media":499944,"comment_status":"closed","ping_status":"closed","sticky":false,"template":"","format":"standard","meta":[],"categories":[3839],"tags":[5773,36,1208,6045],"_links":{"self":[{"href":"http:\/\/desarrollo.grupomedios.com\/futbol\/wp-json\/wp\/v2\/posts\/499927"}],"collection":[{"href":"http:\/\/desarrollo.grupomedios.com\/futbol\/wp-json\/wp\/v2\/posts"}],"about":[{"href":"http:\/\/desarrollo.grupomedios.com\/futbol\/wp-json\/wp\/v2\/types\/post"}],"author":[{"embeddable":true,"href":"http:\/\/desarrollo.grupomedios.com\/futbol\/wp-json\/wp\/v2\/users\/144"}],"replies":[{"embeddable":true,"href":"http:\/\/desarrollo.grupomedios.com\/futbol\/wp-json\/wp\/v2\/comments?post=499927"}],"version-history":[{"count":3,"href":"http:\/\/desarrollo.grupomedios.com\/futbol\/wp-json\/wp\/v2\/posts\/499927\/revisions"}],"predecessor-version":[{"id":499957,"href":"http:\/\/desarrollo.grupomedios.com\/futbol\/wp-json\/wp\/v2\/posts\/499927\/revisions\/499957"}],"wp:featuredmedia":[{"embeddable":true,"href":"http:\/\/desarrollo.grupomedios.com\/futbol\/wp-json\/wp\/v2\/media\/499944"}],"wp:attachment":[{"href":"http:\/\/desarrollo.grupomedios.com\/futbol\/wp-json\/wp\/v2\/media?parent=499927"}],"wp:term":[{"taxonomy":"category","embeddable":true,"href":"http:\/\/desarrollo.grupomedios.com\/futbol\/wp-json\/wp\/v2\/categories?post=499927"},{"taxonomy":"post_tag","embeddable":true,"href":"http:\/\/desarrollo.grupomedios.com\/futbol\/wp-json\/wp\/v2\/tags?post=499927"}],"curies":[{"name":"wp","href":"https:\/\/api.w.org\/{rel}","templated":true}]}}