{"id":499971,"date":"2017-09-13T17:43:17","date_gmt":"2017-09-13T22:43:17","guid":{"rendered":"https:\/\/www.futboltotal.com.mx\/?p=499971"},"modified":"2017-09-13T17:43:17","modified_gmt":"2017-09-13T22:43:17","slug":"ramos-asegura-real-madrid-noto-la-vuelta-cristiano","status":"publish","type":"post","link":"http:\/\/desarrollo.grupomedios.com\/futbol\/futbol-internacional\/ramos-asegura-real-madrid-noto-la-vuelta-cristiano\/2017\/09","title":{"rendered":"Ramos asegura que el Real Madrid not\u00f3 la vuelta de Cristiano"},"content":{"rendered":"<p><strong>Sergio Ramos<\/strong>, defensa del <strong>Real Madrid<\/strong>, asegur\u00f3 este mi\u00e9rcoles, despu\u00e9s de la victoria de su equipo por 3-0 ante el <strong>APOEL<\/strong>, que el conjunto blanco not\u00f3 el regreso de <strong>Cristiano Ronaldo<\/strong>, autor de dos goles.<\/p>\n<p>&#8220;Llev\u00e1bamos unos partidos en los que hab\u00eda escasez de goles. Todos los partidos no se pueden ganar por goleada y eso hace que con <strong>Cristiano<\/strong>, un jugador con mucho gol, lo hayamos notado. Que vuelva lo hemos notado y que siga con esa l\u00ednea&#8221;, dijo en declaraciones a <em>Bein Sports<\/em>.<\/p>\n<p style=\"text-align: center;\"><span style=\"color: #3366ff;\"><a style=\"color: #3366ff;\" href=\"https:\/\/www.futboltotal.com.mx\/2017\/09\/banos-pone-al-america-uno-los-mejores-del-continente\/\">VER M\u00c1S: Ba\u00f1os pone al Am\u00e9rica como \u201cuno de los mejores del continente\u201d<\/a><\/span><\/p>\n<p>Adem\u00e1s, declar\u00f3 que es &#8220;incuestionable&#8221; el nivel del delantero portugu\u00e9s a lo largo de los a\u00f1os. Por eso, dijo, el <strong>Real Madrid<\/strong> notar\u00e1 el regreso de su compa\u00f1ero cuando acabe la sanci\u00f3n.<\/p>\n<p>Sobre su tanto de chilena, el tercero del partido, indic\u00f3 que en ocasiones le gusta subir para sorprender a las defensas rivales e inform\u00f3 de que no es el primer tanto que consigue con un remate de esas caracter\u00edsticas: &#8220;es un recurso que se me da bien, en el Sevilla ya marqu\u00e9 as\u00ed&#8221;.<\/p>\n<p>Por \u00faltimo, habl\u00f3 sobre el encuentro ante el <strong>APOEL<\/strong>: &#8220;Es cierto que al principio nos ha costado. Estaban muy juntos, han presionado y por eso ha costado. Poco a poco hemos insistido y por banda, sobre todo en la segunda parte, ha habido espacios. Hemos conseguido un buen resultado&#8221;, culmin\u00f3. EFE<\/p>\n<p style=\"text-align: center;\"><span style=\"color: #3366ff;\"><a style=\"color: #3366ff;\" href=\"https:\/\/www.futboltotal.com.mx\/2017\/09\/chaco-gimenez-podria-salir-cruz-azul-en-diciembre\/\">VER M\u00c1S: Chaco Gim\u00e9nez podr\u00eda salir de Cruz Azul en diciembre<\/a><\/span><\/p>\n","protected":false},"excerpt":{"rendered":"<p>El portugu\u00e9s marc\u00f3 dos goles en su regreso con los Merengues.<\/p>\n","protected":false},"author":144,"featured_media":499972,"comment_status":"closed","ping_status":"closed","sticky":false,"template":"","format":"standard","meta":[],"categories":[3841,3839],"tags":[1496,5988,6020],"_links":{"self":[{"href":"http:\/\/desarrollo.grupomedios.com\/futbol\/wp-json\/wp\/v2\/posts\/499971"}],"collection":[{"href":"http:\/\/desarrollo.grupomedios.com\/futbol\/wp-json\/wp\/v2\/posts"}],"about":[{"href":"http:\/\/desarrollo.grupomedios.com\/futbol\/wp-json\/wp\/v2\/types\/post"}],"author":[{"embeddable":true,"href":"http:\/\/desarrollo.grupomedios.com\/futbol\/wp-json\/wp\/v2\/users\/144"}],"replies":[{"embeddable":true,"href":"http:\/\/desarrollo.grupomedios.com\/futbol\/wp-json\/wp\/v2\/comments?post=499971"}],"version-history":[{"count":1,"href":"http:\/\/desarrollo.grupomedios.com\/futbol\/wp-json\/wp\/v2\/posts\/499971\/revisions"}],"predecessor-version":[{"id":499973,"href":"http:\/\/desarrollo.grupomedios.com\/futbol\/wp-json\/wp\/v2\/posts\/499971\/revisions\/499973"}],"wp:featuredmedia":[{"embeddable":true,"href":"http:\/\/desarrollo.grupomedios.com\/futbol\/wp-json\/wp\/v2\/media\/499972"}],"wp:attachment":[{"href":"http:\/\/desarrollo.grupomedios.com\/futbol\/wp-json\/wp\/v2\/media?parent=499971"}],"wp:term":[{"taxonomy":"category","embeddable":true,"href":"http:\/\/desarrollo.grupomedios.com\/futbol\/wp-json\/wp\/v2\/categories?post=499971"},{"taxonomy":"post_tag","embeddable":true,"href":"http:\/\/desarrollo.grupomedios.com\/futbol\/wp-json\/wp\/v2\/tags?post=499971"}],"curies":[{"name":"wp","href":"https:\/\/api.w.org\/{rel}","templated":true}]}}