{"id":499977,"date":"2017-09-13T18:21:13","date_gmt":"2017-09-13T23:21:13","guid":{"rendered":"https:\/\/www.futboltotal.com.mx\/?p=499977"},"modified":"2017-09-13T18:21:13","modified_gmt":"2017-09-13T23:21:13","slug":"unico-mexicano-en-ring-sera-canelo-chepo","status":"publish","type":"post","link":"http:\/\/desarrollo.grupomedios.com\/futbol\/box\/unico-mexicano-en-ring-sera-canelo-chepo\/2017\/09","title":{"rendered":"El \u00fanico mexicano en el ring ser\u00e1 &#8216;Canelo&#8217;: &#8216;Chepo&#8217;"},"content":{"rendered":"<p>Cada vez se acerca m\u00e1s la hora de la pelea entre <strong>Sa\u00fal \u00c1lvarez y Gennady Golovkin<\/strong>, pero no ser\u00e1n los \u00fanicos protagonistas del 16 de septiembre en <strong>Las Vegas<\/strong>.<\/p>\n<p>El entrenador del &#8216;Canelo&#8217;, <strong>Jos\u00e9 &#8216;Chepo&#8217; Reynoso<\/strong>, afirm\u00f3 que pese a que en la esquina del kazajo se han encargado de decir que el estilo de Golovkin es mexicano,\u00a0la realidad es que el \u00fanico que estar\u00e1 representando a M\u00e9xico ser\u00e1 Sa\u00fal \u00c1lvarez.<\/p>\n<p style=\"text-align: center;\"><span style=\"color: #333399;\"><a style=\"color: #333399;\" href=\"https:\/\/www.futboltotal.com.mx\/2017\/09\/quiero-nocaut-canelo-alvarez\/\">VER M\u00c1S:\u00a0<span class=\"item-title\">Quiero el nocaut: \u2018Canelo\u2019 \u00c1lvarez<\/span><\/a><\/span><\/p>\n<p>El entrenador de Gennady Golovkin, Abel S\u00e1nchez, es de ascendencia mexicana y ha impuesto un estilo que ayuda mucho al boxeador kazajo, quien actualmente es el campe\u00f3n medio del CMB.<\/p>\n<p>La pelea se llevar\u00e1 a cabo este s\u00e1bado por la noche en el T-Mobile Arena de Las Vegas, Nevada.<\/p>\n<p style=\"text-align: center;\"><span style=\"color: #333399;\"><a style=\"color: #333399;\" href=\"https:\/\/www.futboltotal.com.mx\/2017\/09\/canelo-golovkin-una-pelea-espectacular\/\">VER M\u00c1S:\u00a0<span class=\"item-title\">Canelo-Golovkin, \u201cuna pelea espectacular\u201d<\/span><\/a><\/span><\/p>\n","protected":false},"excerpt":{"rendered":"<p>El entrenador de Sa\u00fal \u00c1lvarez respondi\u00f3 a la esquina de Golovkin de manera contundente<\/p>\n","protected":false},"author":20,"featured_media":499978,"comment_status":"closed","ping_status":"closed","sticky":false,"template":"","format":"standard","meta":[],"categories":[6282,6411],"tags":[9117,8004],"_links":{"self":[{"href":"http:\/\/desarrollo.grupomedios.com\/futbol\/wp-json\/wp\/v2\/posts\/499977"}],"collection":[{"href":"http:\/\/desarrollo.grupomedios.com\/futbol\/wp-json\/wp\/v2\/posts"}],"about":[{"href":"http:\/\/desarrollo.grupomedios.com\/futbol\/wp-json\/wp\/v2\/types\/post"}],"author":[{"embeddable":true,"href":"http:\/\/desarrollo.grupomedios.com\/futbol\/wp-json\/wp\/v2\/users\/20"}],"replies":[{"embeddable":true,"href":"http:\/\/desarrollo.grupomedios.com\/futbol\/wp-json\/wp\/v2\/comments?post=499977"}],"version-history":[{"count":1,"href":"http:\/\/desarrollo.grupomedios.com\/futbol\/wp-json\/wp\/v2\/posts\/499977\/revisions"}],"predecessor-version":[{"id":499981,"href":"http:\/\/desarrollo.grupomedios.com\/futbol\/wp-json\/wp\/v2\/posts\/499977\/revisions\/499981"}],"wp:featuredmedia":[{"embeddable":true,"href":"http:\/\/desarrollo.grupomedios.com\/futbol\/wp-json\/wp\/v2\/media\/499978"}],"wp:attachment":[{"href":"http:\/\/desarrollo.grupomedios.com\/futbol\/wp-json\/wp\/v2\/media?parent=499977"}],"wp:term":[{"taxonomy":"category","embeddable":true,"href":"http:\/\/desarrollo.grupomedios.com\/futbol\/wp-json\/wp\/v2\/categories?post=499977"},{"taxonomy":"post_tag","embeddable":true,"href":"http:\/\/desarrollo.grupomedios.com\/futbol\/wp-json\/wp\/v2\/tags?post=499977"}],"curies":[{"name":"wp","href":"https:\/\/api.w.org\/{rel}","templated":true}]}}