{"id":500029,"date":"2017-09-14T12:59:02","date_gmt":"2017-09-14T17:59:02","guid":{"rendered":"https:\/\/www.futboltotal.com.mx\/?p=500029"},"modified":"2017-09-14T12:59:02","modified_gmt":"2017-09-14T17:59:02","slug":"canelo-golovkin-septiembre-mes-las-grandes-peleas-en-box","status":"publish","type":"post","link":"http:\/\/desarrollo.grupomedios.com\/futbol\/box\/canelo-golovkin-septiembre-mes-las-grandes-peleas-en-box\/2017\/09","title":{"rendered":"Canelo-Golovkin: septiembre, el mes de las grandes peleas en el box"},"content":{"rendered":"<p>El mes de septiembre por lo general siempre presenta una pelea importante de box para alg\u00fan mexicano.\u00a0Celebrar las fiestas patrias es el pretexto perfecto para llenar las arenas en Estados Unidos.<\/p>\n<p>Desde el 2006 hasta la fecha, uno de los que m\u00e1s ha estado presente es <strong>Sa\u00fal &#8216;Canelo&#8217; \u00c1lvarez<\/strong>.\u00a0Su pelea contra <strong>Floyd Mayweather<\/strong>, el 14 de septiembre de 2013, una de las m\u00e1s recordadas.<\/p>\n<p>Sin embargo, no todos han festejado en septiembre. <strong>Julio C\u00e9sar Ch\u00e1vez Jr.<\/strong> la pas\u00f3 muy mal en una fecha as\u00ed.\u00a0El 15 de septiembre del 2012, &#8216;Julito&#8217; fue humillado por el argentino <strong>Sergio &#8216;Maravilla&#8217; Mart\u00ednez<\/strong>.<\/p>\n<p><strong>\u00bfRecuerdas estas peleas?\u00a0<\/strong><\/p>\n<p>[video_player] https:\/\/player.vimeo.com\/external\/233856374.hd.mp4?s=4e83df7f9c427f3e68ed116376f3251b947d3cab&amp;profile_id=174 [\/video_player]<\/p>\n<p>&nbsp;<\/p>\n<p>&nbsp;<\/p>\n","protected":false},"excerpt":{"rendered":"<p>Los mexicanos han sido protagonistas en varias ocasiones de las peleas representativas a la Independencia de M\u00e9xico<\/p>\n","protected":false},"author":160,"featured_media":500030,"comment_status":"closed","ping_status":"closed","sticky":false,"template":"","format":"standard","meta":[],"categories":[6282,7570,6411],"tags":[10220,8603,9117,8004],"_links":{"self":[{"href":"http:\/\/desarrollo.grupomedios.com\/futbol\/wp-json\/wp\/v2\/posts\/500029"}],"collection":[{"href":"http:\/\/desarrollo.grupomedios.com\/futbol\/wp-json\/wp\/v2\/posts"}],"about":[{"href":"http:\/\/desarrollo.grupomedios.com\/futbol\/wp-json\/wp\/v2\/types\/post"}],"author":[{"embeddable":true,"href":"http:\/\/desarrollo.grupomedios.com\/futbol\/wp-json\/wp\/v2\/users\/160"}],"replies":[{"embeddable":true,"href":"http:\/\/desarrollo.grupomedios.com\/futbol\/wp-json\/wp\/v2\/comments?post=500029"}],"version-history":[{"count":3,"href":"http:\/\/desarrollo.grupomedios.com\/futbol\/wp-json\/wp\/v2\/posts\/500029\/revisions"}],"predecessor-version":[{"id":500085,"href":"http:\/\/desarrollo.grupomedios.com\/futbol\/wp-json\/wp\/v2\/posts\/500029\/revisions\/500085"}],"wp:featuredmedia":[{"embeddable":true,"href":"http:\/\/desarrollo.grupomedios.com\/futbol\/wp-json\/wp\/v2\/media\/500030"}],"wp:attachment":[{"href":"http:\/\/desarrollo.grupomedios.com\/futbol\/wp-json\/wp\/v2\/media?parent=500029"}],"wp:term":[{"taxonomy":"category","embeddable":true,"href":"http:\/\/desarrollo.grupomedios.com\/futbol\/wp-json\/wp\/v2\/categories?post=500029"},{"taxonomy":"post_tag","embeddable":true,"href":"http:\/\/desarrollo.grupomedios.com\/futbol\/wp-json\/wp\/v2\/tags?post=500029"}],"curies":[{"name":"wp","href":"https:\/\/api.w.org\/{rel}","templated":true}]}}