{"id":500032,"date":"2017-09-14T08:47:55","date_gmt":"2017-09-14T13:47:55","guid":{"rendered":"https:\/\/www.futboltotal.com.mx\/?p=500032"},"modified":"2017-09-14T08:47:55","modified_gmt":"2017-09-14T13:47:55","slug":"multan-a-kingsley-coman-del-bayern-munich-violencia-conyugal","status":"publish","type":"post","link":"http:\/\/desarrollo.grupomedios.com\/futbol\/futbol-internacional\/multan-a-kingsley-coman-del-bayern-munich-violencia-conyugal\/2017\/09","title":{"rendered":"Multan a Kingsley Coman del Bayern Munich por violencia conyugal"},"content":{"rendered":"<p class=\"DETALLE_N_titulo \"><span id=\"ctl14_lblMostra\">El internacional franc\u00e9s <strong>Kingsley Coman<\/strong> fue condenado en <strong>Francia<\/strong> a una multa de 5.000 euros por violencia conyugal contra su ex novia, indicaron medios locales.<\/p>\n<p>El jugador del <strong>Bayern Munich<\/strong>, de 21 a\u00f1os, fue denunciado en junio pasado por su pareja, que tuvo una baja laboral de menos de ocho d\u00edas a causa de los da\u00f1os sufridos.<\/span><\/p>\n<p class=\"DETALLE_N_titulo \" style=\"text-align: center;\"><span id=\"ctl14_lblMostra\"><a href=\"https:\/\/www.futboltotal.com.mx\/2017\/09\/asi-quedaron-los-octavos-de-final-de-copa-mx-apertura-2017\/\" target=\"_blank\" rel=\"noopener noreferrer\"><span style=\"color: #333399;\">VER M\u00c1S: Am\u00e9rica vs. Cruz Azul, conoce los 8vos. de final de la Copa MX<\/span><\/a><\/span><\/p>\n<p class=\"DETALLE_N_titulo \"><span id=\"ctl14_lblMostra\">El futbolista enseguida reconoci\u00f3 los hechos y se declar\u00f3 culpable ante el tribunal, que tambi\u00e9n le impuso el pago de un euro simb\u00f3lico a la v\u00edctima en concepto de da\u00f1os y perjuicios, adem\u00e1s del pago de las costas del juicio.<\/p>\n<p>Formado en el <strong>PSG<\/strong>, <strong>Coman<\/strong> lleg\u00f3 al <strong>Bayern<\/strong> en 2015 procedente de la <strong>Juventus de Tur\u00edn<\/strong>, donde hab\u00eda pasado una temporada.<\/span><\/p>\n<div id=\"texto\" class=\"texto_txt\"><\/div>\n","protected":false},"excerpt":{"rendered":"<p>El franc\u00e9s fue denunciado en junio pasado por su pareja, cuando acept\u00f3 la acusaci\u00f3n.<\/p>\n","protected":false},"author":144,"featured_media":500033,"comment_status":"closed","ping_status":"closed","sticky":false,"template":"","format":"standard","meta":[],"categories":[5419,3839],"tags":[2056,6940,2764,10221],"_links":{"self":[{"href":"http:\/\/desarrollo.grupomedios.com\/futbol\/wp-json\/wp\/v2\/posts\/500032"}],"collection":[{"href":"http:\/\/desarrollo.grupomedios.com\/futbol\/wp-json\/wp\/v2\/posts"}],"about":[{"href":"http:\/\/desarrollo.grupomedios.com\/futbol\/wp-json\/wp\/v2\/types\/post"}],"author":[{"embeddable":true,"href":"http:\/\/desarrollo.grupomedios.com\/futbol\/wp-json\/wp\/v2\/users\/144"}],"replies":[{"embeddable":true,"href":"http:\/\/desarrollo.grupomedios.com\/futbol\/wp-json\/wp\/v2\/comments?post=500032"}],"version-history":[{"count":1,"href":"http:\/\/desarrollo.grupomedios.com\/futbol\/wp-json\/wp\/v2\/posts\/500032\/revisions"}],"predecessor-version":[{"id":500034,"href":"http:\/\/desarrollo.grupomedios.com\/futbol\/wp-json\/wp\/v2\/posts\/500032\/revisions\/500034"}],"wp:featuredmedia":[{"embeddable":true,"href":"http:\/\/desarrollo.grupomedios.com\/futbol\/wp-json\/wp\/v2\/media\/500033"}],"wp:attachment":[{"href":"http:\/\/desarrollo.grupomedios.com\/futbol\/wp-json\/wp\/v2\/media?parent=500032"}],"wp:term":[{"taxonomy":"category","embeddable":true,"href":"http:\/\/desarrollo.grupomedios.com\/futbol\/wp-json\/wp\/v2\/categories?post=500032"},{"taxonomy":"post_tag","embeddable":true,"href":"http:\/\/desarrollo.grupomedios.com\/futbol\/wp-json\/wp\/v2\/tags?post=500032"}],"curies":[{"name":"wp","href":"https:\/\/api.w.org\/{rel}","templated":true}]}}