{"id":500035,"date":"2017-09-14T08:57:26","date_gmt":"2017-09-14T13:57:26","guid":{"rendered":"https:\/\/www.futboltotal.com.mx\/?p=500035"},"modified":"2017-09-14T08:57:26","modified_gmt":"2017-09-14T13:57:26","slug":"marcelo-renovo-real-madrid-aspira-a-hacer-historia","status":"publish","type":"post","link":"http:\/\/desarrollo.grupomedios.com\/futbol\/futbol-internacional\/marcelo-renovo-real-madrid-aspira-a-hacer-historia\/2017\/09","title":{"rendered":"Marcelo renov\u00f3 con Real Madrid y aspira a &#8220;hacer historia&#8221;"},"content":{"rendered":"<p class=\"DETALLE_N_titulo \">El brasile\u00f1o <strong>Marcelo<\/strong>, que firm\u00f3 su renovaci\u00f3n con el <strong>Real Madrid<\/strong> hasta junio de 2022, mostr\u00f3 su alegr\u00eda al asegurar que &#8220;es un orgullo inmenso&#8221; poder aspirar a superar a <strong>Roberto Carlos<\/strong> y convertirse en el futbolista extranjero con m\u00e1s partidos de la historia del club.<\/p>\n<p>Con 415 partidos disputados y cinco temporadas por delante para alcanzar los 527 de su \u00eddolo Roberto Carlos, <strong>Marcelo<\/strong> compareci\u00f3 radiante ante los medios de comunicaci\u00f3n en el <strong>Santiago Bernab\u00e9u<\/strong> tras firmar con el presidente <strong>Florentino P\u00e9rez<\/strong> su ampliaci\u00f3n de contrato con mejora econ\u00f3mica.<\/p>\n<p class=\"DETALLE_N_titulo \" style=\"text-align: center;\"><a href=\"https:\/\/www.futboltotal.com.mx\/2017\/09\/asi-quedaron-los-octavos-de-final-de-copa-mx-apertura-2017\/\" target=\"_blank\" rel=\"noopener noreferrer\"><span style=\"color: #333399;\">VER M\u00c1S: Am\u00e9rica vs. Cruz Azul, conoce los 8vos. de final de Copa MX<\/span><\/a><\/p>\n<p>&#8220;Es un orgullo inmenso poder entrar en la historia de este grand\u00edsimo club, me siento muy feliz y afortunado de estar en el Real Madrid&#8221;, asegur\u00f3. &#8220;Estoy muy contento de poder hacer hace poco diez a\u00f1os en el club y ahora renovar contrato por cinco a\u00f1os m\u00e1s. Es un sue\u00f1o cumplido y ver que mi familia tambi\u00e9n est\u00e1 feliz por m\u00ed&#8221;.<\/p>\n<blockquote class=\"twitter-tweet\" data-lang=\"es\">\n<p dir=\"ltr\" lang=\"es\">&#x1f1e7;&#x1f1f7; <a href=\"https:\/\/twitter.com\/MarceloM12\">@MarceloM12<\/a><br \/>\n&#x1f3c6; 4 Ligas<br \/>\n&#x1f4ab; 3 Champions<br \/>\n&#x1f310; 2 Mundiales de Clubes<br \/>\n&#x1f30d; 3 Supercopas de Europa<a href=\"https:\/\/t.co\/BgyY7dosal\">https:\/\/t.co\/BgyY7dosal<\/a><\/p>\n<p>\u2014 Real Madrid C.F. (@realmadrid) <a href=\"https:\/\/twitter.com\/realmadrid\/status\/908314747900235776\">14 de septiembre de 2017<\/a><\/p><\/blockquote>\n<p><script async src=\"\/\/platform.twitter.com\/widgets.js\" charset=\"utf-8\"><\/script><\/p>\n","protected":false},"excerpt":{"rendered":"<p>El brasile\u00f1o sue\u00f1a con romper el hist\u00f3rico r\u00e9cord de su compatriota Roberto Carlos.<\/p>\n","protected":false},"author":144,"featured_media":474501,"comment_status":"closed","ping_status":"closed","sticky":false,"template":"","format":"standard","meta":[],"categories":[7740,3839],"tags":[10222,1197,5988,2503,835],"_links":{"self":[{"href":"http:\/\/desarrollo.grupomedios.com\/futbol\/wp-json\/wp\/v2\/posts\/500035"}],"collection":[{"href":"http:\/\/desarrollo.grupomedios.com\/futbol\/wp-json\/wp\/v2\/posts"}],"about":[{"href":"http:\/\/desarrollo.grupomedios.com\/futbol\/wp-json\/wp\/v2\/types\/post"}],"author":[{"embeddable":true,"href":"http:\/\/desarrollo.grupomedios.com\/futbol\/wp-json\/wp\/v2\/users\/144"}],"replies":[{"embeddable":true,"href":"http:\/\/desarrollo.grupomedios.com\/futbol\/wp-json\/wp\/v2\/comments?post=500035"}],"version-history":[{"count":1,"href":"http:\/\/desarrollo.grupomedios.com\/futbol\/wp-json\/wp\/v2\/posts\/500035\/revisions"}],"predecessor-version":[{"id":500037,"href":"http:\/\/desarrollo.grupomedios.com\/futbol\/wp-json\/wp\/v2\/posts\/500035\/revisions\/500037"}],"wp:featuredmedia":[{"embeddable":true,"href":"http:\/\/desarrollo.grupomedios.com\/futbol\/wp-json\/wp\/v2\/media\/474501"}],"wp:attachment":[{"href":"http:\/\/desarrollo.grupomedios.com\/futbol\/wp-json\/wp\/v2\/media?parent=500035"}],"wp:term":[{"taxonomy":"category","embeddable":true,"href":"http:\/\/desarrollo.grupomedios.com\/futbol\/wp-json\/wp\/v2\/categories?post=500035"},{"taxonomy":"post_tag","embeddable":true,"href":"http:\/\/desarrollo.grupomedios.com\/futbol\/wp-json\/wp\/v2\/tags?post=500035"}],"curies":[{"name":"wp","href":"https:\/\/api.w.org\/{rel}","templated":true}]}}