{"id":500038,"date":"2017-09-14T09:02:23","date_gmt":"2017-09-14T14:02:23","guid":{"rendered":"https:\/\/www.futboltotal.com.mx\/?p=500038"},"modified":"2017-09-14T09:02:23","modified_gmt":"2017-09-14T14:02:23","slug":"isco-renueva-contrato-real-madrid-2022","status":"publish","type":"post","link":"http:\/\/desarrollo.grupomedios.com\/futbol\/futbol-internacional\/isco-renueva-contrato-real-madrid-2022\/2017\/09","title":{"rendered":"Isco renueva su contrato con el Real Madrid hasta el 2022"},"content":{"rendered":"<p class=\"DETALLE_N_titulo \"><strong>Isco Alarc\u00f3n<\/strong>, centrocampista internacional del <strong>Real Madrid<\/strong>, sigui\u00f3 <a href=\"https:\/\/www.futboltotal.com.mx\/2017\/09\/marcelo-renovo-real-madrid-y-aspira-a-hacer-historia\/\" target=\"_blank\" rel=\"noopener noreferrer\"><span style=\"color: #333399;\">los pasos del brasile\u00f1o <strong>Marcelo<\/strong><\/span><\/a> y renov\u00f3 su contrato con el club madridista hasta el 30 de junio de 2022, poniendo punto y final a unas largas negociaciones.<\/p>\n<p class=\"DETALLE_N_titulo \">El Real Madrid anuncia que ha acordado la ampliaci\u00f3n del contrato de Isco Alarc\u00f3n, con una mejora econ\u00f3mica, y el centrocampista andaluz queda vinculado al club blanco hasta el 30 de junio de 2022.<\/p>\n<p class=\"DETALLE_N_titulo \" style=\"text-align: center;\"><a href=\"https:\/\/www.futboltotal.com.mx\/2017\/09\/asi-quedaron-los-octavos-de-final-de-copa-mx-apertura-2017\/\" target=\"_blank\" rel=\"noopener noreferrer\"><span style=\"color: #333399;\">VER M\u00c1S: Am\u00e9rica vs. Cruz Azul, conoce los 8vos. de final de Copa MX<\/span><\/a><\/p>\n<p class=\"DETALLE_N_titulo \">La operaci\u00f3n estaba apalabrada desde el final de la pasada temporada, despu\u00e9s de que se despejasen las dudas de Isco sobre su futuro en el Real Madrid en un inicio de temporada en el que no tuvo regularidad de minutos y descartando el inter\u00e9s que mostraren grandes equipos por hacerse con sus servicios.<\/p>\n<p class=\"DETALLE_N_titulo \">La fecha en la que finalizaba el contrato de Isco, que lleg\u00f3 al Real Madrid en junio de 2013 tras militar en el <strong>Valencia<\/strong> y el <strong>M\u00e1laga<\/strong>, era a la conclusi\u00f3n de la presente temporada, en junio de 2018. Renueva por cuatro a\u00f1os m\u00e1s en una operaci\u00f3n clave para el club blanco, que en breve anunciar\u00e1 la ampliaci\u00f3n de los contratos de <strong>Zinedine Zidane<\/strong>, <strong>Nacho Fern\u00e1ndez<\/strong> y <strong>Karim Benzema<\/strong>.<\/p>\n<p class=\"DETALLE_N_titulo \">Este viernes firmar\u00e1 su nuevo contrato <strong>Isco<\/strong> con el presidente <strong>Florentino P\u00e9rez<\/strong> en las oficinas del <strong>Santiago Bernab\u00e9u<\/strong>, antes de comparecer ante los medios a las 14:00 horas\u00a0tiempo de Espa\u00f1a.<\/p>\n","protected":false},"excerpt":{"rendered":"<p>El espa\u00f1ol sigui\u00f3 los pasos del brasile\u00f1o Marcelo y seguir\u00e1 como Merengue.<\/p>\n","protected":false},"author":144,"featured_media":476828,"comment_status":"closed","ping_status":"closed","sticky":false,"template":"","format":"standard","meta":[],"categories":[7740,3839],"tags":[7135,5988,2503],"_links":{"self":[{"href":"http:\/\/desarrollo.grupomedios.com\/futbol\/wp-json\/wp\/v2\/posts\/500038"}],"collection":[{"href":"http:\/\/desarrollo.grupomedios.com\/futbol\/wp-json\/wp\/v2\/posts"}],"about":[{"href":"http:\/\/desarrollo.grupomedios.com\/futbol\/wp-json\/wp\/v2\/types\/post"}],"author":[{"embeddable":true,"href":"http:\/\/desarrollo.grupomedios.com\/futbol\/wp-json\/wp\/v2\/users\/144"}],"replies":[{"embeddable":true,"href":"http:\/\/desarrollo.grupomedios.com\/futbol\/wp-json\/wp\/v2\/comments?post=500038"}],"version-history":[{"count":2,"href":"http:\/\/desarrollo.grupomedios.com\/futbol\/wp-json\/wp\/v2\/posts\/500038\/revisions"}],"predecessor-version":[{"id":500040,"href":"http:\/\/desarrollo.grupomedios.com\/futbol\/wp-json\/wp\/v2\/posts\/500038\/revisions\/500040"}],"wp:featuredmedia":[{"embeddable":true,"href":"http:\/\/desarrollo.grupomedios.com\/futbol\/wp-json\/wp\/v2\/media\/476828"}],"wp:attachment":[{"href":"http:\/\/desarrollo.grupomedios.com\/futbol\/wp-json\/wp\/v2\/media?parent=500038"}],"wp:term":[{"taxonomy":"category","embeddable":true,"href":"http:\/\/desarrollo.grupomedios.com\/futbol\/wp-json\/wp\/v2\/categories?post=500038"},{"taxonomy":"post_tag","embeddable":true,"href":"http:\/\/desarrollo.grupomedios.com\/futbol\/wp-json\/wp\/v2\/tags?post=500038"}],"curies":[{"name":"wp","href":"https:\/\/api.w.org\/{rel}","templated":true}]}}