{"id":500056,"date":"2017-09-14T10:05:33","date_gmt":"2017-09-14T15:05:33","guid":{"rendered":"https:\/\/www.futboltotal.com.mx\/?p=500056"},"modified":"2017-09-14T10:05:33","modified_gmt":"2017-09-14T15:05:33","slug":"equipo-fantasy-la-champions-sin-messi","status":"publish","type":"post","link":"http:\/\/desarrollo.grupomedios.com\/futbol\/futbol-internacional\/equipo-fantasy-la-champions-sin-messi\/2017\/09","title":{"rendered":"Equipo Fantasy de la Champions, sin Messi"},"content":{"rendered":"<p>Termin\u00f3 la primera Jornada de la UEFA Champions League y tras los primeros resultados se ha dado a conocer los jugadores m\u00e1s destacados del equipo Fantasy.<\/p>\n<p>En el primer 11 ideal, destacan jugadores como Cristiano Ronaldo, Edinson Cavani y Harry Kane, que marcaron un doblete para sus respectivos equipos.<\/p>\n<p>Quien sorprende que se haya quedado fuera es el argentino Lionel Messi, autor de dos goles del Barcelona en el triunfo sobre la Juventus.<\/p>\n<p><a href=\"https:\/\/www.futboltotal.com.mx\/2017\/09\/nestor-araujo-se-desvanece-en-pleno-partido-copa-mx\/\"><span style=\"color: #3366ff;\">VER M\u00c1S: N\u00e9stor Araujo se desvaneci\u00f3 en pleno partido.<\/span><\/a><\/p>\n<p>https:\/\/twitter.com\/LigadeCampeones\/status\/908333974354845696<\/p>\n","protected":false},"excerpt":{"rendered":"<p>Estos son los 11 jugadores que m\u00e1s destacaron.<\/p>\n","protected":false},"author":20,"featured_media":493799,"comment_status":"closed","ping_status":"closed","sticky":false,"template":"","format":"standard","meta":[],"categories":[3841,3839],"tags":[36,1496,248],"_links":{"self":[{"href":"http:\/\/desarrollo.grupomedios.com\/futbol\/wp-json\/wp\/v2\/posts\/500056"}],"collection":[{"href":"http:\/\/desarrollo.grupomedios.com\/futbol\/wp-json\/wp\/v2\/posts"}],"about":[{"href":"http:\/\/desarrollo.grupomedios.com\/futbol\/wp-json\/wp\/v2\/types\/post"}],"author":[{"embeddable":true,"href":"http:\/\/desarrollo.grupomedios.com\/futbol\/wp-json\/wp\/v2\/users\/20"}],"replies":[{"embeddable":true,"href":"http:\/\/desarrollo.grupomedios.com\/futbol\/wp-json\/wp\/v2\/comments?post=500056"}],"version-history":[{"count":1,"href":"http:\/\/desarrollo.grupomedios.com\/futbol\/wp-json\/wp\/v2\/posts\/500056\/revisions"}],"predecessor-version":[{"id":500058,"href":"http:\/\/desarrollo.grupomedios.com\/futbol\/wp-json\/wp\/v2\/posts\/500056\/revisions\/500058"}],"wp:featuredmedia":[{"embeddable":true,"href":"http:\/\/desarrollo.grupomedios.com\/futbol\/wp-json\/wp\/v2\/media\/493799"}],"wp:attachment":[{"href":"http:\/\/desarrollo.grupomedios.com\/futbol\/wp-json\/wp\/v2\/media?parent=500056"}],"wp:term":[{"taxonomy":"category","embeddable":true,"href":"http:\/\/desarrollo.grupomedios.com\/futbol\/wp-json\/wp\/v2\/categories?post=500056"},{"taxonomy":"post_tag","embeddable":true,"href":"http:\/\/desarrollo.grupomedios.com\/futbol\/wp-json\/wp\/v2\/tags?post=500056"}],"curies":[{"name":"wp","href":"https:\/\/api.w.org\/{rel}","templated":true}]}}