{"id":500057,"date":"2017-09-14T10:28:22","date_gmt":"2017-09-14T15:28:22","guid":{"rendered":"https:\/\/www.futboltotal.com.mx\/?p=500057"},"modified":"2017-09-14T10:28:22","modified_gmt":"2017-09-14T15:28:22","slug":"manchester-united-va-thomas-muller","status":"publish","type":"post","link":"http:\/\/desarrollo.grupomedios.com\/futbol\/futbol-internacional\/manchester-united-va-thomas-muller\/2017\/09","title":{"rendered":"Manchester United va con todo por Thomas Muller"},"content":{"rendered":"<p>El <strong>Manchester United<\/strong> estar\u00eda en busca de incorporar al delantero alem\u00e1n, <strong>Thomas Muller<\/strong> para el siguiente verano.<\/p>\n<p>De acuerdo con el <em>diario The Sun<\/em>, el alem\u00e1n no se ha llevado bien con el entrenador <strong>Carlo Ancelotti<\/strong>, quien no lo ha contemplado en el once titular del <strong>Bayern Munich<\/strong>, por lo que estar\u00eda pensando en cambiar de aires.<\/p>\n<p style=\"text-align: center;\"><span style=\"color: #333399;\"><a style=\"color: #333399;\" href=\"https:\/\/www.futboltotal.com.mx\/2017\/09\/toluca-se-reforzara-jugador-racing\/\" target=\"_blank\" rel=\"noopener noreferrer\">VER M\u00c1S: Toluca se reforzar\u00e1 con jugador de Racing<\/a><\/span><\/p>\n<p>El delantero de 28 a\u00f1os ya hab\u00eda expresado que hace dos a\u00f1os fue buscado por los <strong>Red Devils<\/strong>, sin embargo, decidi\u00f3 continuar en la <strong>Bundesliga<\/strong>. Ahora, con la llegada de <strong>James Rodr\u00edguez<\/strong> ver\u00eda menos minutos en el terreno de juego.<\/p>\n<p>El diario aclara que Muller est\u00e1 en busca de nuevos desaf\u00edos en su carrera y el club de la <strong>Premier League<\/strong> ser\u00eda su predilecto para continuar con su carrera.<\/p>\n<p style=\"text-align: center;\"><span style=\"color: #333399;\"><a style=\"color: #333399;\" href=\"https:\/\/www.futboltotal.com.mx\/2017\/09\/increible-anuncio-ronaldinho-al-estilo-star-wars-champions\/\" target=\"_blank\" rel=\"noopener noreferrer\">VER M\u00c1S: El incre\u00edble anuncio de Ronaldinho al estilo Star Wars<\/a><\/span><\/p>\n","protected":false},"excerpt":{"rendered":"<p>El alem\u00e1n quiere nuevos desaf\u00edos en su carrera<\/p>\n","protected":false},"author":20,"featured_media":436804,"comment_status":"closed","ping_status":"closed","sticky":false,"template":"","format":"standard","meta":[],"categories":[3839],"tags":[2662,43,5272,5792],"_links":{"self":[{"href":"http:\/\/desarrollo.grupomedios.com\/futbol\/wp-json\/wp\/v2\/posts\/500057"}],"collection":[{"href":"http:\/\/desarrollo.grupomedios.com\/futbol\/wp-json\/wp\/v2\/posts"}],"about":[{"href":"http:\/\/desarrollo.grupomedios.com\/futbol\/wp-json\/wp\/v2\/types\/post"}],"author":[{"embeddable":true,"href":"http:\/\/desarrollo.grupomedios.com\/futbol\/wp-json\/wp\/v2\/users\/20"}],"replies":[{"embeddable":true,"href":"http:\/\/desarrollo.grupomedios.com\/futbol\/wp-json\/wp\/v2\/comments?post=500057"}],"version-history":[{"count":1,"href":"http:\/\/desarrollo.grupomedios.com\/futbol\/wp-json\/wp\/v2\/posts\/500057\/revisions"}],"predecessor-version":[{"id":500061,"href":"http:\/\/desarrollo.grupomedios.com\/futbol\/wp-json\/wp\/v2\/posts\/500057\/revisions\/500061"}],"wp:featuredmedia":[{"embeddable":true,"href":"http:\/\/desarrollo.grupomedios.com\/futbol\/wp-json\/wp\/v2\/media\/436804"}],"wp:attachment":[{"href":"http:\/\/desarrollo.grupomedios.com\/futbol\/wp-json\/wp\/v2\/media?parent=500057"}],"wp:term":[{"taxonomy":"category","embeddable":true,"href":"http:\/\/desarrollo.grupomedios.com\/futbol\/wp-json\/wp\/v2\/categories?post=500057"},{"taxonomy":"post_tag","embeddable":true,"href":"http:\/\/desarrollo.grupomedios.com\/futbol\/wp-json\/wp\/v2\/tags?post=500057"}],"curies":[{"name":"wp","href":"https:\/\/api.w.org\/{rel}","templated":true}]}}