{"id":500066,"date":"2017-09-14T11:32:11","date_gmt":"2017-09-14T16:32:11","guid":{"rendered":"https:\/\/www.futboltotal.com.mx\/?p=500066"},"modified":"2017-09-14T11:32:11","modified_gmt":"2017-09-14T16:32:11","slug":"canelo-alvarez-amenaza-a-golovkin-vengo-a-romperle-mad","status":"publish","type":"post","link":"http:\/\/desarrollo.grupomedios.com\/futbol\/destacado-home\/canelo-alvarez-amenaza-a-golovkin-vengo-a-romperle-mad\/2017\/09","title":{"rendered":"Canelo \u00c1lvarez amenaza a Golovkin: &#8220;Vengo a romperle su mad&#8230;&#8221;"},"content":{"rendered":"<p>El boxeador mexicano <strong>Sa\u00fal <em>Canelo<\/em> \u00c1lvarez<\/strong> se report\u00f3 listo para el combate que sostendr\u00e1 ante el kazajo <strong>Genaddy Golovkin<\/strong> este s\u00e1bado <strong>16 de septiembre<\/strong> en <strong>Las Vegas<\/strong> asegurando de forma categ\u00f3rica que s\u00f3lo lleg\u00f3 a territorio estadounidense para &#8220;romperle su madre&#8221;.<\/p>\n<p>&#8220;Tengo muchas ganas de pelear. Estoy emocionado por pelear. Es lo \u00fanico que quiero hacer y estoy listo (&#8230;)\u00a0Vengo a romperle su madre.<\/p>\n<p>&#8220;Saben que no me gusta hablar mucho. Estoy listo, estoy preparado para esto. S\u00e9 que va a ser una pelea dura pero estoy listo para esto. Es una pelea que quer\u00edan ver; disfr\u00fatenla, como yo lo har\u00e9. Nos vemos el 16 de septiembre&#8221;, declar\u00f3 el mexicano en entrevista para el canal de paga HBO.<\/p>\n<p style=\"text-align: center;\"><a href=\"https:\/\/www.futboltotal.com.mx\/2017\/09\/canelo-vs-golovkin-ante-el-gran-reto-de-sus-carreras-y-del-boxeo\/\" target=\"_blank\" rel=\"noopener noreferrer\"><span style=\"color: #333399;\">VER M\u00c1S: Canelo vs. Golovkin, ante el gran reto de su carreras y del boxeo<\/span><\/a><\/p>\n<p>Pese a que sus palabras\u00a0son claras, <em><strong>Canelo<\/strong><\/em> no quiso enviarle mayor mensaje a <em><strong>GGG<\/strong><\/em> o a su grupo de trabajo, pues asegura que su labor sobre el ring lo respalda.<\/p>\n<p>&#8220;Ellos saben el peleador que soy. Estoy al 100% y simplemente que d\u00e9 lo mejor de \u00e9l para que sea una gran pelea. (Mis fans) est\u00e1n emocionados igual que yo. Es una pelea que ellos quer\u00edan ver y est\u00e1n igual de emocionados que nosotros de verla&#8221;, sentenci\u00f3 \u00c1lvarez.<\/p>\n","protected":false},"excerpt":{"rendered":"<p>El boxeador mexicano s\u00f3lo piensa en el triunfo este 16 de septiembre en Las Vegas.<\/p>\n","protected":false},"author":20,"featured_media":478001,"comment_status":"closed","ping_status":"closed","sticky":false,"template":"","format":"standard","meta":[],"categories":[6282,5,6411],"tags":[6188,5936,10223,8550,8004],"_links":{"self":[{"href":"http:\/\/desarrollo.grupomedios.com\/futbol\/wp-json\/wp\/v2\/posts\/500066"}],"collection":[{"href":"http:\/\/desarrollo.grupomedios.com\/futbol\/wp-json\/wp\/v2\/posts"}],"about":[{"href":"http:\/\/desarrollo.grupomedios.com\/futbol\/wp-json\/wp\/v2\/types\/post"}],"author":[{"embeddable":true,"href":"http:\/\/desarrollo.grupomedios.com\/futbol\/wp-json\/wp\/v2\/users\/20"}],"replies":[{"embeddable":true,"href":"http:\/\/desarrollo.grupomedios.com\/futbol\/wp-json\/wp\/v2\/comments?post=500066"}],"version-history":[{"count":1,"href":"http:\/\/desarrollo.grupomedios.com\/futbol\/wp-json\/wp\/v2\/posts\/500066\/revisions"}],"predecessor-version":[{"id":500073,"href":"http:\/\/desarrollo.grupomedios.com\/futbol\/wp-json\/wp\/v2\/posts\/500066\/revisions\/500073"}],"wp:featuredmedia":[{"embeddable":true,"href":"http:\/\/desarrollo.grupomedios.com\/futbol\/wp-json\/wp\/v2\/media\/478001"}],"wp:attachment":[{"href":"http:\/\/desarrollo.grupomedios.com\/futbol\/wp-json\/wp\/v2\/media?parent=500066"}],"wp:term":[{"taxonomy":"category","embeddable":true,"href":"http:\/\/desarrollo.grupomedios.com\/futbol\/wp-json\/wp\/v2\/categories?post=500066"},{"taxonomy":"post_tag","embeddable":true,"href":"http:\/\/desarrollo.grupomedios.com\/futbol\/wp-json\/wp\/v2\/tags?post=500066"}],"curies":[{"name":"wp","href":"https:\/\/api.w.org\/{rel}","templated":true}]}}