{"id":500087,"date":"2017-09-14T13:17:07","date_gmt":"2017-09-14T18:17:07","guid":{"rendered":"https:\/\/www.futboltotal.com.mx\/?p=500087"},"modified":"2017-09-14T13:17:07","modified_gmt":"2017-09-14T18:17:07","slug":"apelacion-reduce-sancion-a-marcelo","status":"publish","type":"post","link":"http:\/\/desarrollo.grupomedios.com\/futbol\/futbol-internacional\/apelacion-reduce-sancion-a-marcelo\/2017\/09","title":{"rendered":"Apelaci\u00f3n reduce sanci\u00f3n a Marcelo"},"content":{"rendered":"<p><span id=\"ctl14_lblMostra\">El <strong>Comit\u00e9 de Apelaci\u00f3n<\/strong> de la Real Federaci\u00f3n Espa\u00f1ola de Futbol ha estimado parcialmente el recurso formulado por el <strong>Real Madrid<\/strong>, y ha dejado en un solo partido la sanci\u00f3n interpuesta contra el brasile\u00f1o Marcelo, inicialmente suspendido por competici\u00f3n con dos encuentros.<\/p>\n<p>El defensa se perder\u00e1 el choque liguero que el Real Madrid jugar\u00e1 el pr\u00f3ximo domingo contra la <strong>Real Sociedad<\/strong>, pero podr\u00e1 disputar el del mi\u00e9rcoles siguiente ante el Betis.<\/p>\n<p>El Comit\u00e9 de Apelaci\u00f3n fundamenta su resoluci\u00f3n en que el acta arbitral no refleja exactamente lo sucedido en la acci\u00f3n.<\/span><\/p>\n<p style=\"text-align: center;\"><span id=\"ctl14_lblMostra\"><span style=\"color: #333399;\"><a style=\"color: #333399;\" href=\"https:\/\/www.futboltotal.com.mx\/2017\/09\/barcelona-pone-la-primera-piedra-del-estadio-johan-cruyff\/\">VER M\u00c1S: <span class=\"item-title\">Barcelona pone la primera piedra del Estadio Johan Cruyff<\/span><\/a><\/span><\/span><\/p>\n<p style=\"text-align: left;\"><span id=\"ctl14_lblMostra\">&#8220;Las im\u00e1genes incorporadas al expediente revela la procedencia del presente recurso, por cuanto lo consignado en el acta (&#8216;dar una patada a un adversario en la espalda, no estando el bal\u00f3n a distancia de ser jugado&#8217;), siendo cierto, omite una circunstancia relevante y es la de que el episodio fue consecuencia inmediata de un lance del juego, en el que ambos intervinientes rodaron por el suelo y se produjo la acci\u00f3n punible&#8221;, apunta.<\/p>\n<p>&#8220;El bal\u00f3n se hab\u00eda alejado sin soluci\u00f3n de continuidad, pero ha de mantenerse, como sostiene el recurrente, que la jugada punible se lleva a cabo en unidad de acto con la anterior disputa del bal\u00f3n por medio&#8221;, a\u00f1ade el argumento de Apelaci\u00f3n.<\/p>\n<p>As\u00ed, el Comit\u00e9 ha decidido estimar parcialmente el recurso formulado por el Real Madrid contra resoluci\u00f3n del Comit\u00e9 de Competici\u00f3n, y reduce a un partido de suspensi\u00f3n la sanci\u00f3n impuesta al jugador don Marcelo Vieira Da Silva Junior, en aplicaci\u00f3n del art\u00edculo 123, apartado 1, del C\u00f3digo Disciplinario de la RFEF, con multa accesoria en cuant\u00eda de 350 ? al club y de 600 ? al futbolista (art\u00edculo 52.3 y 4). <\/span><\/p>\n<p style=\"text-align: center;\"><span style=\"color: #333399;\"><a style=\"color: #333399;\" href=\"https:\/\/www.futboltotal.com.mx\/2017\/09\/manchester-united-va-thomas-muller\/\">VER M\u00c1S: <span class=\"item-title\">Manchester United va con todo por Thomas Muller<\/span><\/a><\/span><\/p>\n","protected":false},"excerpt":{"rendered":"<p>El brasile\u00f1o se perder\u00e1 solamente el encuentro contra la Real Sociedad<\/p>\n","protected":false},"author":144,"featured_media":500088,"comment_status":"closed","ping_status":"closed","sticky":false,"template":"","format":"standard","meta":[],"categories":[3839,3844],"tags":[1197,5988],"_links":{"self":[{"href":"http:\/\/desarrollo.grupomedios.com\/futbol\/wp-json\/wp\/v2\/posts\/500087"}],"collection":[{"href":"http:\/\/desarrollo.grupomedios.com\/futbol\/wp-json\/wp\/v2\/posts"}],"about":[{"href":"http:\/\/desarrollo.grupomedios.com\/futbol\/wp-json\/wp\/v2\/types\/post"}],"author":[{"embeddable":true,"href":"http:\/\/desarrollo.grupomedios.com\/futbol\/wp-json\/wp\/v2\/users\/144"}],"replies":[{"embeddable":true,"href":"http:\/\/desarrollo.grupomedios.com\/futbol\/wp-json\/wp\/v2\/comments?post=500087"}],"version-history":[{"count":1,"href":"http:\/\/desarrollo.grupomedios.com\/futbol\/wp-json\/wp\/v2\/posts\/500087\/revisions"}],"predecessor-version":[{"id":500089,"href":"http:\/\/desarrollo.grupomedios.com\/futbol\/wp-json\/wp\/v2\/posts\/500087\/revisions\/500089"}],"wp:featuredmedia":[{"embeddable":true,"href":"http:\/\/desarrollo.grupomedios.com\/futbol\/wp-json\/wp\/v2\/media\/500088"}],"wp:attachment":[{"href":"http:\/\/desarrollo.grupomedios.com\/futbol\/wp-json\/wp\/v2\/media?parent=500087"}],"wp:term":[{"taxonomy":"category","embeddable":true,"href":"http:\/\/desarrollo.grupomedios.com\/futbol\/wp-json\/wp\/v2\/categories?post=500087"},{"taxonomy":"post_tag","embeddable":true,"href":"http:\/\/desarrollo.grupomedios.com\/futbol\/wp-json\/wp\/v2\/tags?post=500087"}],"curies":[{"name":"wp","href":"https:\/\/api.w.org\/{rel}","templated":true}]}}