{"id":500109,"date":"2017-09-14T15:48:35","date_gmt":"2017-09-14T20:48:35","guid":{"rendered":"https:\/\/www.futboltotal.com.mx\/?p=500109"},"modified":"2017-09-14T15:48:35","modified_gmt":"2017-09-14T20:48:35","slug":"canelo-papa-tercera-vez","status":"publish","type":"post","link":"http:\/\/desarrollo.grupomedios.com\/futbol\/box\/canelo-papa-tercera-vez\/2017\/09","title":{"rendered":"&#8216;Canelo&#8217;, \u00bfpap\u00e1 por tercera vez?"},"content":{"rendered":"<p>La ex novia de <strong>Sa\u00fal &#8216;Canelo&#8217; \u00c1lvarez<\/strong> reapareci\u00f3 en una serie de fotos para una revista, y sorprendi\u00f3 con su embarazo.<\/p>\n<p><strong>Fernanda G\u00f3mez<\/strong> fue novia del pugilista tapat\u00edo por algunos meses; sin embargo, de ese amor habr\u00eda nacido un v\u00e1stago del &#8216;Canelo&#8217;, quien no ha dado ninguna declaraci\u00f3n al respecto.<\/p>\n<p style=\"text-align: center;\"><span style=\"color: #333399;\"><a style=\"color: #333399;\" href=\"https:\/\/www.futboltotal.com.mx\/2017\/09\/canelo-golovkin-septiembre-mes-las-grandes-peleas-en-box\/\">VER M\u00c1S: <span class=\"item-title\">Canelo-Golovkin: septiembre, el mes de las grandes peleas en el box<\/span><\/a><\/span><\/p>\n<p>Sa\u00fal \u00c1lvarez est\u00e1 en concentraci\u00f3n para su pelea del pr\u00f3ximo s\u00e1bado en Las Vegas contra Gennady Golovkin.<\/p>\n<p>Esta es una de las im\u00e1genes donde aparece Fernanda G\u00f3mez luciendo su embarazo.<\/p>\n<p style=\"text-align: center;\"><span style=\"color: #333399;\"><a style=\"color: #333399;\" href=\"https:\/\/www.futboltotal.com.mx\/2017\/09\/conductora-deportes-ha-decidido-quitarse-parte-busto\/\">VER M\u00c1S: <span class=\"item-title\">Conductora de deportes ha decidido quitarse parte de su busto<\/span><\/a><\/span><\/p>\n<blockquote class=\"instagram-media\" style=\"background: #FFF; border: 0; border-radius: 3px; box-shadow: 0 0 1px 0 rgba(0,0,0,0.5),0 1px 10px 0 rgba(0,0,0,0.15); margin: 1px; max-width: 658px; padding: 0; width: calc(100% - 2px);\" data-instgrm-captioned=\"\" data-instgrm-version=\"7\">\n<div style=\"padding: 8px;\">\n<div style=\"background: #F8F8F8; line-height: 0; margin-top: 40px; padding: 50% 0; text-align: center; width: 100%;\"><\/div>\n<p style=\"margin: 8px 0 0 0; padding: 0 4px;\"><a style=\"color: #000; font-family: Arial,sans-serif; font-size: 14px; font-style: normal; font-weight: normal; line-height: 17px; text-decoration: none; word-wrap: break-word;\" href=\"https:\/\/www.instagram.com\/p\/BY3jBAilYI_\/\" target=\"_blank\" rel=\"noopener noreferrer\">Mi pedacito de cielo&#x1f60d;\u2764\ufe0f<\/a><\/p>\n<p style=\"color: #c9c8cd; font-family: Arial,sans-serif; font-size: 14px; line-height: 17px; margin-bottom: 0; margin-top: 8px; overflow: hidden; padding: 8px 0 7px; text-align: center; text-overflow: ellipsis; white-space: nowrap;\">Una publicaci\u00f3n compartida de Fernanda G\u00f3mez (@fernandagmtz) el <time style=\"font-family: Arial,sans-serif; font-size: 14px; line-height: 17px;\" datetime=\"2017-09-10T16:53:54+00:00\">10 de Sep de 2017 a la(s) 9:53 PDT<\/time><\/p>\n<\/div>\n<\/blockquote>\n<p><script async defer src=\"\/\/platform.instagram.com\/en_US\/embeds.js\"><\/script><\/p>\n","protected":false},"excerpt":{"rendered":"<p>Fernanda G\u00f3mez, su ex novia, apareci\u00f3 ya con algunos meses de embarazo<\/p>\n","protected":false},"author":20,"featured_media":500110,"comment_status":"closed","ping_status":"closed","sticky":false,"template":"","format":"standard","meta":[],"categories":[6282,6411],"tags":[8345,10231,10230],"_links":{"self":[{"href":"http:\/\/desarrollo.grupomedios.com\/futbol\/wp-json\/wp\/v2\/posts\/500109"}],"collection":[{"href":"http:\/\/desarrollo.grupomedios.com\/futbol\/wp-json\/wp\/v2\/posts"}],"about":[{"href":"http:\/\/desarrollo.grupomedios.com\/futbol\/wp-json\/wp\/v2\/types\/post"}],"author":[{"embeddable":true,"href":"http:\/\/desarrollo.grupomedios.com\/futbol\/wp-json\/wp\/v2\/users\/20"}],"replies":[{"embeddable":true,"href":"http:\/\/desarrollo.grupomedios.com\/futbol\/wp-json\/wp\/v2\/comments?post=500109"}],"version-history":[{"count":1,"href":"http:\/\/desarrollo.grupomedios.com\/futbol\/wp-json\/wp\/v2\/posts\/500109\/revisions"}],"predecessor-version":[{"id":500111,"href":"http:\/\/desarrollo.grupomedios.com\/futbol\/wp-json\/wp\/v2\/posts\/500109\/revisions\/500111"}],"wp:featuredmedia":[{"embeddable":true,"href":"http:\/\/desarrollo.grupomedios.com\/futbol\/wp-json\/wp\/v2\/media\/500110"}],"wp:attachment":[{"href":"http:\/\/desarrollo.grupomedios.com\/futbol\/wp-json\/wp\/v2\/media?parent=500109"}],"wp:term":[{"taxonomy":"category","embeddable":true,"href":"http:\/\/desarrollo.grupomedios.com\/futbol\/wp-json\/wp\/v2\/categories?post=500109"},{"taxonomy":"post_tag","embeddable":true,"href":"http:\/\/desarrollo.grupomedios.com\/futbol\/wp-json\/wp\/v2\/tags?post=500109"}],"curies":[{"name":"wp","href":"https:\/\/api.w.org\/{rel}","templated":true}]}}