{"id":500152,"date":"2017-09-15T12:54:15","date_gmt":"2017-09-15T17:54:15","guid":{"rendered":"https:\/\/www.futboltotal.com.mx\/?p=500152"},"modified":"2017-09-15T12:54:15","modified_gmt":"2017-09-15T17:54:15","slug":"201709miguel-herrera-y-su-historia-con-america-y-tijuana","status":"publish","type":"post","link":"http:\/\/desarrollo.grupomedios.com\/futbol\/destacado-home\/201709miguel-herrera-y-su-historia-con-america-y-tijuana\/2017\/09","title":{"rendered":"Miguel Herrera y su historia con Am\u00e9rica y Tijuana"},"content":{"rendered":"<p>El duelo entre <strong>Tijuana y Am\u00e9rica<\/strong> tendr\u00e1 varios ingredientes muy interesantes, pero quiz\u00e1 el que m\u00e1s llama la atenci\u00f3n es el regreso de <strong>Miguel Herrera<\/strong> al estadio Caliente.<\/p>\n<p>Los <em>Xolos<\/em> representaron el regreso al futbol mexicano, despu\u00e9s de vivir la mejor etapa de su vida como entrenador con las <em>\u00c1guilas<\/em> del Am\u00e9rica, y posteriormente con la Selecci\u00f3n Mexicana, a la cual tuvo que dejar por un conflicto con el periodista Christian Martinoli.<\/p>\n<p style=\"text-align: center;\"><span style=\"color: #333399;\"><a style=\"color: #333399;\" href=\"https:\/\/www.futboltotal.com.mx\/2017\/09\/tijuana-vs-america-liga-mx-apertura-2017-minuto-a-minuto\/\">VER M\u00c1S: <span class=\"item-title\">MINUTO A MINUTO | Tijuana vs Am\u00e9rica, el regreso del \u2018Piojo\u2019<\/span><\/a><\/span><\/p>\n<p>Miguel Herrera vive su quinto torneo en dos etapas con Am\u00e9rica. Tiene 92 partidos dirigidos con las \u00c1guilas y su mejor momento se dio en el Clausura 2013, cuando fue campe\u00f3n superando a Cruz Azul.<\/p>\n<p>Mientras que el &#8216;Piojo&#8217; en Xolos estuvo por tres torneos y dirigi\u00f3 57 partidos. Con Tijuana, logr\u00f3 llegar a una semifinal en el Clausura 2017.<\/p>\n<p><a href=\"https:\/\/www.futboltotal.com.mx\/wp-content\/uploads\/2017\/09\/piojo2.jpg\"><img decoding=\"async\" loading=\"lazy\" class=\"alignnone size-full wp-image-500153\" src=\"https:\/\/www.futboltotal.com.mx\/wp-content\/uploads\/2017\/09\/piojo2.jpg\" alt=\"Miguel Herrera y su historia con Am\u00e9rica y Tijuana 0\" srcset=\"http:\/\/desarrollo.grupomedios.com\/futbol\/wp-content\/uploads\/2017\/09\/piojo2.jpg 858w, http:\/\/desarrollo.grupomedios.com\/futbol\/wp-content\/uploads\/2017\/09\/piojo2-241x300.jpg 241w, http:\/\/desarrollo.grupomedios.com\/futbol\/wp-content\/uploads\/2017\/09\/piojo2-768x958.jpg 768w, http:\/\/desarrollo.grupomedios.com\/futbol\/wp-content\/uploads\/2017\/09\/piojo2-821x1024.jpg 821w\" sizes=\"(max-width: 858px) 100vw, 858px\" \/><\/a><\/p>\n","protected":false},"excerpt":{"rendered":"<p>El entrenador americanista ha vivido sus mejores \u00e9pocas con \u00c1guilas y Xolos.<\/p>\n","protected":false},"author":160,"featured_media":500154,"comment_status":"closed","ping_status":"closed","sticky":false,"template":"","format":"standard","meta":[],"categories":[5,2198,3845],"tags":[5959,255,5974],"_links":{"self":[{"href":"http:\/\/desarrollo.grupomedios.com\/futbol\/wp-json\/wp\/v2\/posts\/500152"}],"collection":[{"href":"http:\/\/desarrollo.grupomedios.com\/futbol\/wp-json\/wp\/v2\/posts"}],"about":[{"href":"http:\/\/desarrollo.grupomedios.com\/futbol\/wp-json\/wp\/v2\/types\/post"}],"author":[{"embeddable":true,"href":"http:\/\/desarrollo.grupomedios.com\/futbol\/wp-json\/wp\/v2\/users\/160"}],"replies":[{"embeddable":true,"href":"http:\/\/desarrollo.grupomedios.com\/futbol\/wp-json\/wp\/v2\/comments?post=500152"}],"version-history":[{"count":3,"href":"http:\/\/desarrollo.grupomedios.com\/futbol\/wp-json\/wp\/v2\/posts\/500152\/revisions"}],"predecessor-version":[{"id":500213,"href":"http:\/\/desarrollo.grupomedios.com\/futbol\/wp-json\/wp\/v2\/posts\/500152\/revisions\/500213"}],"wp:featuredmedia":[{"embeddable":true,"href":"http:\/\/desarrollo.grupomedios.com\/futbol\/wp-json\/wp\/v2\/media\/500154"}],"wp:attachment":[{"href":"http:\/\/desarrollo.grupomedios.com\/futbol\/wp-json\/wp\/v2\/media?parent=500152"}],"wp:term":[{"taxonomy":"category","embeddable":true,"href":"http:\/\/desarrollo.grupomedios.com\/futbol\/wp-json\/wp\/v2\/categories?post=500152"},{"taxonomy":"post_tag","embeddable":true,"href":"http:\/\/desarrollo.grupomedios.com\/futbol\/wp-json\/wp\/v2\/tags?post=500152"}],"curies":[{"name":"wp","href":"https:\/\/api.w.org\/{rel}","templated":true}]}}