{"id":500165,"date":"2017-09-15T08:56:10","date_gmt":"2017-09-15T13:56:10","guid":{"rendered":"https:\/\/www.futboltotal.com.mx\/?p=500165"},"modified":"2017-09-15T08:56:10","modified_gmt":"2017-09-15T13:56:10","slug":"isco-nunca-me-plantee-la-posibilidad-ir-al-barcelona","status":"publish","type":"post","link":"http:\/\/desarrollo.grupomedios.com\/futbol\/futbol-internacional\/isco-nunca-me-plantee-la-posibilidad-ir-al-barcelona\/2017\/09","title":{"rendered":"Isco: &#8220;Nunca me plantee la posibilidad de ir al Barcelona&#8221;"},"content":{"rendered":"<p class=\"DETALLE_N_titulo \"><span id=\"ctl14_lblMostra\"><strong>Isco Alarc\u00f3n<\/strong>, centrocampista internacional del <strong>Real Madrid<\/strong>, confes\u00f3\u00a0que &#8220;a lo mejor hubo alg\u00fan contacto&#8221; con el <strong>Barcelona<\/strong> para su posible fichaje, pero asegur\u00f3 que &#8220;nunca&#8221; se plante\u00f3 la posibilidad de ir al conjunto catal\u00e1n.<\/p>\n<p>&#8220;Nunca me plantee la posibilidad de fichar por el Barcelona porque mi idea era triunfar en el Real Madrid. He pasado momentos malos, pero eso hace que saboree los momentos bonitos&#8221;, dijo Isco.<\/p>\n<p>&#8220;A lo mejor hubo alg\u00fan contacto, pero no lo escuch\u00e9. Mi intenci\u00f3n la tenia clara. El objetivo es seguir mejorando. A lo largo de la vida pensamos muchas cosas, pero nuestras decisiones nos marcan el camino. Mi decisi\u00f3n siempre ha estado ligada a este club y espero que siga as\u00ed muchos a\u00f1os&#8221;, declar\u00f3 Isco, que ha renovado con el conjunto blanco hasta 2022.<\/span><\/p>\n<p class=\"DETALLE_N_titulo \" style=\"text-align: center;\"><span id=\"ctl14_lblMostra\"><a href=\"https:\/\/www.futboltotal.com.mx\/2017\/09\/matias-almeyda-dos-anos-pastor-salvador-chivas\/\" target=\"_blank\" rel=\"noopener noreferrer\"><span style=\"color: #333399;\">VER M\u00c1S: Mat\u00edas Almeyda, dos a\u00f1os como pastor y salvador de Chivas<\/span><\/a><\/span><\/p>\n<p class=\"DETALLE_N_titulo \"><span id=\"ctl14_lblMostra\">El futbolista malague\u00f1o desvel\u00f3 que pudo &#8220;renovar el a\u00f1o pasado, pero quer\u00eda estar centrado&#8221; en la competici\u00f3n.<\/p>\n<p>&#8220;Estaba decidido que lo firm\u00e1semos a principio de temporada. Estoy muy feliz y muy orgulloso de representar al mejor equipo del mundo. Llevo once t\u00edtulos en tres a\u00f1os, que es una pasada, pero tenemos que ser ambiciosos y el equipo siempre quiere m\u00e1s&#8221;, apunt\u00f3.<\/p>\n<p>Isco reconoci\u00f3 que ha &#8220;crecido&#8221; como futbolista y ha mejorado en los \u00faltimos tiempos con Zidane de entrenador.<\/p>\n<p>&#8220;Quiz\u00e1 ahora tengo m\u00e1s gol porque juego m\u00e1s cerca del \u00e1rea. Zidane me ha puesto ah\u00ed y yo he tenido la paciencia de saber esperar cuando no ten\u00eda las oportunidades que quer\u00eda. El entrenador ha sido muy importante, me ha dado mucha confianza y lo he correspondido. Creo que he acertado, quiz\u00e1 ahora juego m\u00e1s adelantado y ha sabido sacar lo mejor de m\u00ed&#8221;, manifest\u00f3.<\/span><\/p>\n<div id=\"texto\" class=\"texto_txt\"><\/div>\n","protected":false},"excerpt":{"rendered":"<p>El jugador del Real Madrid asegur\u00f3 que su mente s\u00f3lo ha estado con los Merengues.<\/p>\n","protected":false},"author":144,"featured_media":500168,"comment_status":"closed","ping_status":"closed","sticky":false,"template":"","format":"standard","meta":[],"categories":[3839,3844],"tags":[5984,6071,5988],"_links":{"self":[{"href":"http:\/\/desarrollo.grupomedios.com\/futbol\/wp-json\/wp\/v2\/posts\/500165"}],"collection":[{"href":"http:\/\/desarrollo.grupomedios.com\/futbol\/wp-json\/wp\/v2\/posts"}],"about":[{"href":"http:\/\/desarrollo.grupomedios.com\/futbol\/wp-json\/wp\/v2\/types\/post"}],"author":[{"embeddable":true,"href":"http:\/\/desarrollo.grupomedios.com\/futbol\/wp-json\/wp\/v2\/users\/144"}],"replies":[{"embeddable":true,"href":"http:\/\/desarrollo.grupomedios.com\/futbol\/wp-json\/wp\/v2\/comments?post=500165"}],"version-history":[{"count":1,"href":"http:\/\/desarrollo.grupomedios.com\/futbol\/wp-json\/wp\/v2\/posts\/500165\/revisions"}],"predecessor-version":[{"id":500169,"href":"http:\/\/desarrollo.grupomedios.com\/futbol\/wp-json\/wp\/v2\/posts\/500165\/revisions\/500169"}],"wp:featuredmedia":[{"embeddable":true,"href":"http:\/\/desarrollo.grupomedios.com\/futbol\/wp-json\/wp\/v2\/media\/500168"}],"wp:attachment":[{"href":"http:\/\/desarrollo.grupomedios.com\/futbol\/wp-json\/wp\/v2\/media?parent=500165"}],"wp:term":[{"taxonomy":"category","embeddable":true,"href":"http:\/\/desarrollo.grupomedios.com\/futbol\/wp-json\/wp\/v2\/categories?post=500165"},{"taxonomy":"post_tag","embeddable":true,"href":"http:\/\/desarrollo.grupomedios.com\/futbol\/wp-json\/wp\/v2\/tags?post=500165"}],"curies":[{"name":"wp","href":"https:\/\/api.w.org\/{rel}","templated":true}]}}