{"id":500184,"date":"2017-09-15T10:09:30","date_gmt":"2017-09-15T15:09:30","guid":{"rendered":"https:\/\/www.futboltotal.com.mx\/?p=500184"},"modified":"2017-09-15T10:10:11","modified_gmt":"2017-09-15T15:10:11","slug":"201709raul-jimenez-banca-en-benfica-culpa-del-tri","status":"publish","type":"post","link":"http:\/\/desarrollo.grupomedios.com\/futbol\/destacado-home\/201709raul-jimenez-banca-en-benfica-culpa-del-tri\/2017\/09","title":{"rendered":"Ra\u00fal Jim\u00e9nez es banca en Benfica por culpa del Tri"},"content":{"rendered":"<p>El t\u00e9cnico del <strong>Benfica<\/strong>,\u00a0<strong>Rui Vit\u00f3ria\u00a0<\/strong>dej\u00f3 entrever que el delantero mexicano, <strong>Ra\u00fal Jim\u00e9nez<\/strong> es suplente en el equipo por culpa de la <strong>Selecci\u00f3n Mexicana.<\/strong><\/p>\n<blockquote><p>\u201cRa\u00fal comienza la pretemporada m\u00e1s tarde por su actividad con la selecci\u00f3n.\u00a0<strong>(Haris) Seferovic<\/strong>\u00a0estuvo desde el principio y eso le dio una ligera ventaja. A veces la vida de los jugadores es as\u00ed\u201d, mencion\u00f3 el estratega en conferencia de prensa.<\/p><\/blockquote>\n<p style=\"text-align: center;\"><span style=\"color: #333399;\"><a style=\"color: #333399;\" href=\"https:\/\/www.futboltotal.com.mx\/2017\/09\/prensa-inglesa-ve-a-chicharito-en-la-banca\/\" target=\"_blank\" rel=\"noopener noreferrer\">VER M\u00c1S: Prensa inglesa ve a Chicharito en la banca<\/a><\/span><\/p>\n<p>Seferovic ha jugado en cinco encuentros como militar y ha marcado tres anotaciones hasta el momento.<\/p>\n<p>\u201cRa\u00fal es un jugador importante como todos. Ahora\u00a0<strong>Jonas<\/strong>\u00a0y Seferovic est\u00e1n haciendo goles, como \u00e9l los hizo el a\u00f1o pasado. Cuando lo necesitemos, estamos seguros de que estar\u00e1 listo\u201d, valor\u00f3 Vit\u00f3ria.<\/p>\n<p>Ra\u00fal Jim\u00e9nez no estuvo en la pretemporada del Benfica por jugar con la Selecci\u00f3n Mexicana en la<strong> Copa Confederaciones de Rusia 2017<\/strong>.<\/p>\n<p style=\"text-align: center;\"><span style=\"color: #333399;\"><a style=\"color: #333399;\" href=\"https:\/\/www.futboltotal.com.mx\/2017\/09\/jose-mourinho-fue-trolleado-por-playstation\/\" target=\"_blank\" rel=\"noopener noreferrer\">VER M\u00c1S: Jos\u00e9 Mourinho fue trolleado por PlayStation<\/a><\/span><\/p>\n","protected":false},"excerpt":{"rendered":"<p>El delantero mexicano ha comenzado los encuentros en la banca<\/p>\n","protected":false},"author":20,"featured_media":477336,"comment_status":"closed","ping_status":"closed","sticky":false,"template":"","format":"standard","meta":[],"categories":[5,3839,2198,3847],"tags":[6060,1580,65,742,409],"_links":{"self":[{"href":"http:\/\/desarrollo.grupomedios.com\/futbol\/wp-json\/wp\/v2\/posts\/500184"}],"collection":[{"href":"http:\/\/desarrollo.grupomedios.com\/futbol\/wp-json\/wp\/v2\/posts"}],"about":[{"href":"http:\/\/desarrollo.grupomedios.com\/futbol\/wp-json\/wp\/v2\/types\/post"}],"author":[{"embeddable":true,"href":"http:\/\/desarrollo.grupomedios.com\/futbol\/wp-json\/wp\/v2\/users\/20"}],"replies":[{"embeddable":true,"href":"http:\/\/desarrollo.grupomedios.com\/futbol\/wp-json\/wp\/v2\/comments?post=500184"}],"version-history":[{"count":2,"href":"http:\/\/desarrollo.grupomedios.com\/futbol\/wp-json\/wp\/v2\/posts\/500184\/revisions"}],"predecessor-version":[{"id":500187,"href":"http:\/\/desarrollo.grupomedios.com\/futbol\/wp-json\/wp\/v2\/posts\/500184\/revisions\/500187"}],"wp:featuredmedia":[{"embeddable":true,"href":"http:\/\/desarrollo.grupomedios.com\/futbol\/wp-json\/wp\/v2\/media\/477336"}],"wp:attachment":[{"href":"http:\/\/desarrollo.grupomedios.com\/futbol\/wp-json\/wp\/v2\/media?parent=500184"}],"wp:term":[{"taxonomy":"category","embeddable":true,"href":"http:\/\/desarrollo.grupomedios.com\/futbol\/wp-json\/wp\/v2\/categories?post=500184"},{"taxonomy":"post_tag","embeddable":true,"href":"http:\/\/desarrollo.grupomedios.com\/futbol\/wp-json\/wp\/v2\/tags?post=500184"}],"curies":[{"name":"wp","href":"https:\/\/api.w.org\/{rel}","templated":true}]}}