{"id":500188,"date":"2017-09-15T10:33:44","date_gmt":"2017-09-15T15:33:44","guid":{"rendered":"https:\/\/www.futboltotal.com.mx\/?p=500188"},"modified":"2017-09-15T10:33:44","modified_gmt":"2017-09-15T15:33:44","slug":"ter-stegen-llena-elogios-a-guillermo-ochoa","status":"publish","type":"post","link":"http:\/\/desarrollo.grupomedios.com\/futbol\/futbol-internacional\/ter-stegen-llena-elogios-a-guillermo-ochoa\/2017\/09","title":{"rendered":"Ter Stegen llena de elogios a Guillermo Ochoa"},"content":{"rendered":"<p>El guardameta alem\u00e1n del <strong>Barcelona<\/strong>, <strong>Marc-Andr\u00e9 ter Stegen<\/strong>, elogi\u00f3 al portero mexicano <strong>Guillermo Ochoa<\/strong>, quien confes\u00f3 es el rival que m\u00e1s le ha sorprendido.<\/p>\n<p>El arquero blaugrana contest\u00f3 a la pregunta <strong>&#8220;Un jugador rival con el que haya hecho amistad&#8221;<\/strong>, realizada en una din\u00e1mica por el diario <em>Mundo Deportivo<\/em> y aunque indic\u00f3 que no es su amigo si expres\u00f3\u00a0su agrado por <strong>Memo Ochoa<\/strong>.<\/p>\n<p style=\"text-align: center;\"><span style=\"color: #333399;\"><a style=\"color: #333399;\" href=\"https:\/\/www.futboltotal.com.mx\/2017\/09\/jose-mourinho-fue-trolleado-por-playstation\/\" target=\"_blank\" rel=\"noopener noreferrer\">VER M\u00c1S: Jos\u00e9 Mourinho fue trolleado por PlayStation<\/a><\/span><\/p>\n<blockquote>\n<p class=\"p\">\u201cNo tengo amigos en especial en los rivales&#8230; Pero un rival que me gust\u00f3 fue Guillermo Ochoa, del Granada. <strong>No le conoc\u00eda y es muy bueno<\/strong>, y luego me reencontr\u00e9 con \u00e9l en la <strong>Copa Confederaciones<\/strong> y fue un placer. Me gust\u00f3 el rival y el ambiente de Granada\u201d.<\/p>\n<\/blockquote>\n<p class=\"p\">El arquero alem\u00e1n y el mexicano se han encontrado en varias ocasiones dentro de<strong> LaLiga<\/strong> en Espa\u00f1a y hace poco se vieron las caras en la <strong>Copa Confederaciones de Rusia 2017<\/strong>.<\/p>\n<p><iframe loading=\"lazy\" src=\"https:\/\/www.youtube.com\/embed\/Cdu_8Zq1QQs?feature=oembed\" frameborder=\"0\" allowfullscreen><\/iframe><\/p>\n<p style=\"text-align: center;\"><span style=\"color: #333399;\"><a style=\"color: #333399;\" href=\"https:\/\/www.futboltotal.com.mx\/2017\/09\/raul-jimenez-banca-en-benfica-culpa-del-tri\/\" target=\"_blank\" rel=\"noopener noreferrer\">VER M\u00c1S: Ra\u00fal Jim\u00e9nez es banca en Benfica por culpa del Tri<\/a><\/span><\/p>\n","protected":false},"excerpt":{"rendered":"<p>El guardameta mexicano fue destacado por su colega<\/p>\n","protected":false},"author":20,"featured_media":500189,"comment_status":"closed","ping_status":"closed","sticky":false,"template":"","format":"standard","meta":[],"categories":[3839],"tags":[1580,700,5991,4510],"_links":{"self":[{"href":"http:\/\/desarrollo.grupomedios.com\/futbol\/wp-json\/wp\/v2\/posts\/500188"}],"collection":[{"href":"http:\/\/desarrollo.grupomedios.com\/futbol\/wp-json\/wp\/v2\/posts"}],"about":[{"href":"http:\/\/desarrollo.grupomedios.com\/futbol\/wp-json\/wp\/v2\/types\/post"}],"author":[{"embeddable":true,"href":"http:\/\/desarrollo.grupomedios.com\/futbol\/wp-json\/wp\/v2\/users\/20"}],"replies":[{"embeddable":true,"href":"http:\/\/desarrollo.grupomedios.com\/futbol\/wp-json\/wp\/v2\/comments?post=500188"}],"version-history":[{"count":1,"href":"http:\/\/desarrollo.grupomedios.com\/futbol\/wp-json\/wp\/v2\/posts\/500188\/revisions"}],"predecessor-version":[{"id":500190,"href":"http:\/\/desarrollo.grupomedios.com\/futbol\/wp-json\/wp\/v2\/posts\/500188\/revisions\/500190"}],"wp:featuredmedia":[{"embeddable":true,"href":"http:\/\/desarrollo.grupomedios.com\/futbol\/wp-json\/wp\/v2\/media\/500189"}],"wp:attachment":[{"href":"http:\/\/desarrollo.grupomedios.com\/futbol\/wp-json\/wp\/v2\/media?parent=500188"}],"wp:term":[{"taxonomy":"category","embeddable":true,"href":"http:\/\/desarrollo.grupomedios.com\/futbol\/wp-json\/wp\/v2\/categories?post=500188"},{"taxonomy":"post_tag","embeddable":true,"href":"http:\/\/desarrollo.grupomedios.com\/futbol\/wp-json\/wp\/v2\/tags?post=500188"}],"curies":[{"name":"wp","href":"https:\/\/api.w.org\/{rel}","templated":true}]}}