{"id":500207,"date":"2017-09-15T12:33:35","date_gmt":"2017-09-15T17:33:35","guid":{"rendered":"https:\/\/www.futboltotal.com.mx\/?p=500207"},"modified":"2017-09-15T12:33:35","modified_gmt":"2017-09-15T17:33:35","slug":"seleccion-argentina-tendra-porteria-a-la-mexicana","status":"publish","type":"post","link":"http:\/\/desarrollo.grupomedios.com\/futbol\/futbol-internacional\/seleccion-argentina-tendra-porteria-a-la-mexicana\/2017\/09","title":{"rendered":"Selecci\u00f3n de Argentina tendr\u00e1 porter\u00eda a la &#8216;mexicana&#8217;"},"content":{"rendered":"<p>La <strong>Selecci\u00f3n de Argentina<\/strong> dio a conocer su lista para los \u00faltimos duelos de eliminatoria rumbo a <strong>Rusia 2018<\/strong> y los arqueros de <strong>Tigres<\/strong> y <strong>Am\u00e9rica<\/strong>, <strong>Nahuel Guzm\u00e1n<\/strong> y <strong>Agust\u00edn Marches\u00edn<\/strong> fueron parte de la lista.<\/p>\n<blockquote class=\"twitter-tweet\" data-lang=\"es\">\n<p dir=\"ltr\" lang=\"es\">[ELIMINATORIAS] Jorge Sampaoli dio a conocer la lista de jugadores del exterior convocados para los partidos ante Per\u00fa y Ecuador. <a href=\"https:\/\/t.co\/gOqDz19R1J\">pic.twitter.com\/gOqDz19R1J<\/a><\/p>\n<p>\u2014 Selecci\u00f3n Argentina (@Argentina) <a href=\"https:\/\/twitter.com\/Argentina\/status\/908724609939361792\">15 de septiembre de 2017<\/a><\/p><\/blockquote>\n<p><script async src=\"\/\/platform.twitter.com\/widgets.js\" charset=\"utf-8\"><\/script><\/p>\n<p style=\"text-align: center;\"><span style=\"color: #333399;\"><a style=\"color: #333399;\" href=\"https:\/\/www.futboltotal.com.mx\/2017\/09\/guardiola-revela-uno-los-mejores-jugadores-ha-visto\/\" target=\"_blank\" rel=\"noopener noreferrer\">VER M\u00c1S: Guardiola revela a unos de los mejores jugadores que ha visto<\/a><\/span><\/p>\n<p>La albiceleste se medir\u00e1 ante<strong> Per\u00fa y Ecuador<\/strong>, en busca de obtener su boleto para la justa mundialista. Al momento Argentina se encuentra en el lugar cinco de la clasificaci\u00f3n en <strong>Conmebol<\/strong>, lo que les dar\u00eda el pase a repechaje.<\/p>\n<p>Por encima de los argentinos se encuentra Per\u00fa, con los mismo 24 puntos; adem\u00e1s de <strong>Colombia<\/strong> con 26 y <strong>Uruguay<\/strong> con 27.<\/p>\n<p>Nahuel ha sido un constante en las convocatorias del combinado albiceleste, sin embargo siempre ha sido suplente de<strong> Sergio Romero<\/strong>. Mientras que Marches\u00edn no ha sido un habitual en la selecci\u00f3n, con la que estuvo en 2015 cuando <strong>Gerardo Martino<\/strong> era el estratega.<\/p>\n<p><iframe loading=\"lazy\" src=\"https:\/\/www.youtube.com\/embed\/r6jAvPo_NSM?feature=oembed\" frameborder=\"0\" allowfullscreen><\/iframe><\/p>\n<p style=\"text-align: center;\"><span style=\"color: #333399;\"><a style=\"color: #333399;\" href=\"https:\/\/www.futboltotal.com.mx\/2017\/09\/damian-alvarez-enfrenta-a-morelia-primer-amor-en-liga-mx\/\" target=\"_blank\" rel=\"noopener noreferrer\">VER M\u00c1S: Dami\u00e1n \u00c1lvarez enfrenta a Morelia, su primer amor en la Liga MX<\/a><\/span><\/p>\n","protected":false},"excerpt":{"rendered":"<p>Ambos arqueros buscar\u00e1n el pase a Rusia 2018 con la albiceleste<\/p>\n","protected":false},"author":20,"featured_media":500208,"comment_status":"closed","ping_status":"closed","sticky":false,"template":"","format":"standard","meta":[],"categories":[3839],"tags":[6118,5959,64,6129,2232,3209,5973],"_links":{"self":[{"href":"http:\/\/desarrollo.grupomedios.com\/futbol\/wp-json\/wp\/v2\/posts\/500207"}],"collection":[{"href":"http:\/\/desarrollo.grupomedios.com\/futbol\/wp-json\/wp\/v2\/posts"}],"about":[{"href":"http:\/\/desarrollo.grupomedios.com\/futbol\/wp-json\/wp\/v2\/types\/post"}],"author":[{"embeddable":true,"href":"http:\/\/desarrollo.grupomedios.com\/futbol\/wp-json\/wp\/v2\/users\/20"}],"replies":[{"embeddable":true,"href":"http:\/\/desarrollo.grupomedios.com\/futbol\/wp-json\/wp\/v2\/comments?post=500207"}],"version-history":[{"count":1,"href":"http:\/\/desarrollo.grupomedios.com\/futbol\/wp-json\/wp\/v2\/posts\/500207\/revisions"}],"predecessor-version":[{"id":500209,"href":"http:\/\/desarrollo.grupomedios.com\/futbol\/wp-json\/wp\/v2\/posts\/500207\/revisions\/500209"}],"wp:featuredmedia":[{"embeddable":true,"href":"http:\/\/desarrollo.grupomedios.com\/futbol\/wp-json\/wp\/v2\/media\/500208"}],"wp:attachment":[{"href":"http:\/\/desarrollo.grupomedios.com\/futbol\/wp-json\/wp\/v2\/media?parent=500207"}],"wp:term":[{"taxonomy":"category","embeddable":true,"href":"http:\/\/desarrollo.grupomedios.com\/futbol\/wp-json\/wp\/v2\/categories?post=500207"},{"taxonomy":"post_tag","embeddable":true,"href":"http:\/\/desarrollo.grupomedios.com\/futbol\/wp-json\/wp\/v2\/tags?post=500207"}],"curies":[{"name":"wp","href":"https:\/\/api.w.org\/{rel}","templated":true}]}}