{"id":500236,"date":"2017-09-15T15:34:35","date_gmt":"2017-09-15T20:34:35","guid":{"rendered":"https:\/\/www.futboltotal.com.mx\/?p=500236"},"modified":"2017-09-15T15:34:35","modified_gmt":"2017-09-15T20:34:35","slug":"canelo-vs-golovkin-160-libras-poder-a-poder-en-la-bascula","status":"publish","type":"post","link":"http:\/\/desarrollo.grupomedios.com\/futbol\/destacado-home\/canelo-vs-golovkin-160-libras-poder-a-poder-en-la-bascula\/2017\/09","title":{"rendered":"&#8216;Canelo&#8217; vs Golovkin: 160 libras de poder a poder en la b\u00e1scula"},"content":{"rendered":"<p><strong>Sa\u00fal &#8216;Canelo&#8217; \u00c1lvarez y Gennady Golovkin<\/strong> llegaron con el mismo pesaje a la b\u00e1scula: 160 libras de poder a poder.<\/p>\n<p>Ambos boxeadores superaron la b\u00e1scula y ahora est\u00e1n listos para su combate de este 16 de septiembre en la T-Mobile Arena de Las Vegas, Nevada.<\/p>\n<p style=\"text-align: center;\"><span style=\"color: #333399;\"><a style=\"color: #333399;\" href=\"https:\/\/www.futboltotal.com.mx\/2017\/09\/mexico-se-une-apoyar-al-canelo-alvarez\/\">VER M\u00c1S:\u00a0<span class=\"item-title\">M\u00e9xico se une para apoyar al \u2018Canelo\u2019 \u00c1lvarez<\/span><\/a><\/span><\/p>\n<p>El boxeador mexicano estar\u00e1 por octava vez en una pelea alusiva al 15 de septiembre y las festividades de la Independencia de M\u00e9xico, de los cuales ha salido victorioso en seis de siete enfrentamientos.<\/p>\n<p>En el cara a cara, ni Golovkin ni Canelo bajaron la mirada, y se espera que sea una de las mejores peleas del a\u00f1o.<\/p>\n<p style=\"text-align: center;\"><span style=\"color: #333399;\"><a style=\"color: #333399;\" href=\"https:\/\/www.futboltotal.com.mx\/2017\/09\/conoce-las-historias-canelo-golovkin-llegar-a-este-combate\/\">VER M\u00c1S:\u00a0Conoce las historias de Canelo y Golovkin para llegar a este combate<\/a><\/span><\/p>\n<p>&nbsp;<\/p>\n","protected":false},"excerpt":{"rendered":"<p>El mexicano y el kazajo lucieron imponentes en la b\u00e1scula y todo est\u00e1 listo<\/p>\n","protected":false},"author":20,"featured_media":500241,"comment_status":"closed","ping_status":"closed","sticky":false,"template":"","format":"standard","meta":[],"categories":[6282,5],"tags":[10224,9117,8004],"_links":{"self":[{"href":"http:\/\/desarrollo.grupomedios.com\/futbol\/wp-json\/wp\/v2\/posts\/500236"}],"collection":[{"href":"http:\/\/desarrollo.grupomedios.com\/futbol\/wp-json\/wp\/v2\/posts"}],"about":[{"href":"http:\/\/desarrollo.grupomedios.com\/futbol\/wp-json\/wp\/v2\/types\/post"}],"author":[{"embeddable":true,"href":"http:\/\/desarrollo.grupomedios.com\/futbol\/wp-json\/wp\/v2\/users\/20"}],"replies":[{"embeddable":true,"href":"http:\/\/desarrollo.grupomedios.com\/futbol\/wp-json\/wp\/v2\/comments?post=500236"}],"version-history":[{"count":1,"href":"http:\/\/desarrollo.grupomedios.com\/futbol\/wp-json\/wp\/v2\/posts\/500236\/revisions"}],"predecessor-version":[{"id":500242,"href":"http:\/\/desarrollo.grupomedios.com\/futbol\/wp-json\/wp\/v2\/posts\/500236\/revisions\/500242"}],"wp:featuredmedia":[{"embeddable":true,"href":"http:\/\/desarrollo.grupomedios.com\/futbol\/wp-json\/wp\/v2\/media\/500241"}],"wp:attachment":[{"href":"http:\/\/desarrollo.grupomedios.com\/futbol\/wp-json\/wp\/v2\/media?parent=500236"}],"wp:term":[{"taxonomy":"category","embeddable":true,"href":"http:\/\/desarrollo.grupomedios.com\/futbol\/wp-json\/wp\/v2\/categories?post=500236"},{"taxonomy":"post_tag","embeddable":true,"href":"http:\/\/desarrollo.grupomedios.com\/futbol\/wp-json\/wp\/v2\/tags?post=500236"}],"curies":[{"name":"wp","href":"https:\/\/api.w.org\/{rel}","templated":true}]}}