{"id":500267,"date":"2017-09-15T17:40:28","date_gmt":"2017-09-15T22:40:28","guid":{"rendered":"https:\/\/www.futboltotal.com.mx\/?p=500267"},"modified":"2017-09-15T17:40:28","modified_gmt":"2017-09-15T22:40:28","slug":"manana-me-van-a-levantar-la-mano-canelo","status":"publish","type":"post","link":"http:\/\/desarrollo.grupomedios.com\/futbol\/box\/manana-me-van-a-levantar-la-mano-canelo\/2017\/09","title":{"rendered":"Ma\u00f1ana me van a levantar la mano: &#8216;Canelo&#8217;"},"content":{"rendered":"<p><strong>Sa\u00fal &#8216;Canelo&#8217; \u00c1lvarez<\/strong> afirm\u00f3 que est\u00e1 totalmente preparado para ganar el combate de este s\u00e1bado contra <strong>Gennady Golovkin<\/strong>.<\/p>\n<p>El boxeador mexicano asegur\u00f3 que &#8220;ma\u00f1ana me van a levantar la mano&#8221; en la pelea que se llevar\u00e1 a cabo en Las Vegas, Nevada.<\/p>\n<p style=\"text-align: center;\"><span style=\"color: #333399;\"><a style=\"color: #333399;\" href=\"https:\/\/www.futboltotal.com.mx\/2017\/09\/canelo-ganara-doble-golovkin-pese-a-retador\/\">VER M\u00c1S:\u00a0<span class=\"item-title\">\u2018Canelo\u2019 ganar\u00e1 el doble que Golovkin, pese a ser el retador<\/span><\/a><\/span><\/p>\n<p>El &#8216;Canelo&#8217; fue claro y acept\u00f3 que tanto \u00e9l como Golovkin se lo juegan todo en este combate donde estar\u00e1 en disputa el cetro medio del Consejo Mundial de Boxeo (<strong>CMB<\/strong>).<\/p>\n<p>Sa\u00fal \u00c1lvarez destac\u00f3 que &#8220;soy un peleador muy fuerte, me he preparado bien, quiero el n\u00f3caut y para lograrlo tengo que ganar en velocidad y ser m\u00e1s inteligente&#8221; que Gennady Golovkin, asegur\u00f3 el tapat\u00edo.<\/p>\n<p style=\"text-align: center;\"><span style=\"color: #333399;\"><a style=\"color: #333399;\" href=\"https:\/\/www.futboltotal.com.mx\/2017\/09\/canelo-vs-golovkin-160-libras-poder-a-poder-en-la-bascula\/\">VER M\u00c1S:\u00a0<span class=\"item-title\">\u2018Canelo\u2019 vs Golovkin: 160 libras de poder a poder en la b\u00e1scula<\/span><\/a><\/span><\/p>\n<p>&nbsp;<\/p>\n<p>&nbsp;<\/p>\n","protected":false},"excerpt":{"rendered":"<p>El boxeador mexicano afirm\u00f3 que este s\u00e1bado en la noche saldr\u00e1 ganador de su duelo contra Golovkin<\/p>\n","protected":false},"author":20,"featured_media":500268,"comment_status":"closed","ping_status":"closed","sticky":false,"template":"","format":"standard","meta":[],"categories":[6282],"tags":[9117,8004],"_links":{"self":[{"href":"http:\/\/desarrollo.grupomedios.com\/futbol\/wp-json\/wp\/v2\/posts\/500267"}],"collection":[{"href":"http:\/\/desarrollo.grupomedios.com\/futbol\/wp-json\/wp\/v2\/posts"}],"about":[{"href":"http:\/\/desarrollo.grupomedios.com\/futbol\/wp-json\/wp\/v2\/types\/post"}],"author":[{"embeddable":true,"href":"http:\/\/desarrollo.grupomedios.com\/futbol\/wp-json\/wp\/v2\/users\/20"}],"replies":[{"embeddable":true,"href":"http:\/\/desarrollo.grupomedios.com\/futbol\/wp-json\/wp\/v2\/comments?post=500267"}],"version-history":[{"count":1,"href":"http:\/\/desarrollo.grupomedios.com\/futbol\/wp-json\/wp\/v2\/posts\/500267\/revisions"}],"predecessor-version":[{"id":500269,"href":"http:\/\/desarrollo.grupomedios.com\/futbol\/wp-json\/wp\/v2\/posts\/500267\/revisions\/500269"}],"wp:featuredmedia":[{"embeddable":true,"href":"http:\/\/desarrollo.grupomedios.com\/futbol\/wp-json\/wp\/v2\/media\/500268"}],"wp:attachment":[{"href":"http:\/\/desarrollo.grupomedios.com\/futbol\/wp-json\/wp\/v2\/media?parent=500267"}],"wp:term":[{"taxonomy":"category","embeddable":true,"href":"http:\/\/desarrollo.grupomedios.com\/futbol\/wp-json\/wp\/v2\/categories?post=500267"},{"taxonomy":"post_tag","embeddable":true,"href":"http:\/\/desarrollo.grupomedios.com\/futbol\/wp-json\/wp\/v2\/tags?post=500267"}],"curies":[{"name":"wp","href":"https:\/\/api.w.org\/{rel}","templated":true}]}}