{"id":500270,"date":"2017-09-15T17:58:12","date_gmt":"2017-09-15T22:58:12","guid":{"rendered":"https:\/\/www.futboltotal.com.mx\/?p=500270"},"modified":"2017-09-15T17:58:12","modified_gmt":"2017-09-15T22:58:12","slug":"atlas-chivas-empatan-en-clasico-tapatio-la-liga-femenil","status":"publish","type":"post","link":"http:\/\/desarrollo.grupomedios.com\/futbol\/futbol-mexicano\/atlas-chivas-empatan-en-clasico-tapatio-la-liga-femenil\/2017\/09","title":{"rendered":"Atlas y Chivas empatan en el &#8216;Cl\u00e1sico Tapat\u00edo&#8217; de la Liga Femenil"},"content":{"rendered":"<p>En un duelo tenso de la Jornada 8 de la <strong>Liga Femenil<\/strong>, Atlas y Chivas igualaron 1-1 en el &#8216;Cl\u00e1sico Tapat\u00edo&#8217;.<\/p>\n<p>Tania Morales adelant\u00f3 al Reba\u00f1o al minuto 13, mientras que Marcela Valera igual\u00f3 los cartones al 45&#8242; para las rojinegras.<\/p>\n<p>En el segundo tiempo, <strong>Atlas y Chivas<\/strong> mantuvieron un encuentro parejo, y pese a las pocas opciones de gol, las locales tuvieron oportunidades de oro al final, pero dejaron ir la victoria.<\/p>\n<p style=\"text-align: center;\"><span style=\"color: #333399;\"><a style=\"color: #333399;\" href=\"https:\/\/www.futboltotal.com.mx\/2017\/09\/la-maquina-la-cruzazulea-en-la-liga-femenil\/\">VER M\u00c1S:\u00a0<span class=\"item-title\">La M\u00e1quina \u2018la cruzazulea\u2019 en la Liga Femenil<\/span><\/a><\/span><\/p>\n","protected":false},"excerpt":{"rendered":"<p>Los Rojinegros lograron el empate frente al Reba\u00f1o Sagrado<\/p>\n","protected":false},"author":20,"featured_media":500271,"comment_status":"closed","ping_status":"closed","sticky":false,"template":"","format":"standard","meta":[],"categories":[2198,9628],"tags":[5961,70,8026],"_links":{"self":[{"href":"http:\/\/desarrollo.grupomedios.com\/futbol\/wp-json\/wp\/v2\/posts\/500270"}],"collection":[{"href":"http:\/\/desarrollo.grupomedios.com\/futbol\/wp-json\/wp\/v2\/posts"}],"about":[{"href":"http:\/\/desarrollo.grupomedios.com\/futbol\/wp-json\/wp\/v2\/types\/post"}],"author":[{"embeddable":true,"href":"http:\/\/desarrollo.grupomedios.com\/futbol\/wp-json\/wp\/v2\/users\/20"}],"replies":[{"embeddable":true,"href":"http:\/\/desarrollo.grupomedios.com\/futbol\/wp-json\/wp\/v2\/comments?post=500270"}],"version-history":[{"count":1,"href":"http:\/\/desarrollo.grupomedios.com\/futbol\/wp-json\/wp\/v2\/posts\/500270\/revisions"}],"predecessor-version":[{"id":500272,"href":"http:\/\/desarrollo.grupomedios.com\/futbol\/wp-json\/wp\/v2\/posts\/500270\/revisions\/500272"}],"wp:featuredmedia":[{"embeddable":true,"href":"http:\/\/desarrollo.grupomedios.com\/futbol\/wp-json\/wp\/v2\/media\/500271"}],"wp:attachment":[{"href":"http:\/\/desarrollo.grupomedios.com\/futbol\/wp-json\/wp\/v2\/media?parent=500270"}],"wp:term":[{"taxonomy":"category","embeddable":true,"href":"http:\/\/desarrollo.grupomedios.com\/futbol\/wp-json\/wp\/v2\/categories?post=500270"},{"taxonomy":"post_tag","embeddable":true,"href":"http:\/\/desarrollo.grupomedios.com\/futbol\/wp-json\/wp\/v2\/tags?post=500270"}],"curies":[{"name":"wp","href":"https:\/\/api.w.org\/{rel}","templated":true}]}}