{"id":500296,"date":"2017-09-15T21:34:52","date_gmt":"2017-09-16T02:34:52","guid":{"rendered":"https:\/\/www.futboltotal.com.mx\/?p=500296"},"modified":"2017-09-15T21:35:32","modified_gmt":"2017-09-16T02:35:32","slug":"carlos-salcedo-regresara-tricolor-eliminatorias","status":"publish","type":"post","link":"http:\/\/desarrollo.grupomedios.com\/futbol\/futbol-mexicano\/carlos-salcedo-regresara-tricolor-eliminatorias\/2017\/09","title":{"rendered":"Carlos Salcedo regresar\u00e1 con el Tricolor para eliminatorias"},"content":{"rendered":"<p><strong>Carlos Salcedo<\/strong> regresar\u00e1 de nueva cuenta a una convocatoria de la <strong>Selecci\u00f3n Mexicana<\/strong>.<\/p>\n<div>La cadena ESPN dio a conocer que el futbolista mexicano del Eintracht Frankfurt ser\u00e1 convocado para los \u00faltimos dos partidos de la eliminatoria mundialista contra Trinidad y Tobago y Honduras.<\/div>\n<div style=\"text-align: center;\"><\/div>\n<div style=\"text-align: center;\"><span style=\"color: #333399;\"><a style=\"color: #333399;\" href=\"https:\/\/www.futboltotal.com.mx\/2017\/09\/alan-pulido-regresa-a-la-convocatoria-chivas\/\">VER M\u00c1S:\u00a0<span class=\"item-title\">Alan Pulido regresa a la convocatoria con Chivas<\/span><\/a><\/span><\/div>\n<div><\/div>\n<div>Salcedo ya regres\u00f3 a la actividad despu\u00e9s de que se hubiera lesionado durante su participaci\u00f3n en la Copa Confederaciones con el Tri.<\/div>\n<div><\/div>\n<div>El defensa mexicano es del gusto del t\u00e9cnico <strong>Juan Carlos Osorio<\/strong> y por eso aparecer\u00e1 en el juego que sostendr\u00e1 la Selecci\u00f3n Mexicana en San Luis Potos\u00ed.<\/div>\n<div><\/div>\n<div style=\"text-align: center;\"><span style=\"color: #333399;\"><a style=\"color: #333399;\" href=\"https:\/\/www.futboltotal.com.mx\/2017\/09\/memo-ochoa-la-novedad-en-los-celulares-toda-belgica\/\">VER M\u00c1S:\u00a0<span class=\"item-title\">Memo Ochoa, la novedad en los celulares de toda B\u00e9lgica<\/span><\/a><\/span><\/div>\n<div><\/div>\n<div>M\u00e9xico ya est\u00e1 calificado para el Mundial de Rusia 2018, y por tal raz\u00f3n, el &#8216;Predicador&#8217; utilizar\u00eda estos partidos para ver a algunos jugadores.<\/div>\n","protected":false},"excerpt":{"rendered":"<p>El defensa tricolor estar\u00eda presente para el duelo contra Trinidad y Tobago en San Luis<\/p>\n","protected":false},"author":20,"featured_media":500297,"comment_status":"closed","ping_status":"closed","sticky":false,"template":"","format":"standard","meta":[],"categories":[2198,3847],"tags":[5531],"_links":{"self":[{"href":"http:\/\/desarrollo.grupomedios.com\/futbol\/wp-json\/wp\/v2\/posts\/500296"}],"collection":[{"href":"http:\/\/desarrollo.grupomedios.com\/futbol\/wp-json\/wp\/v2\/posts"}],"about":[{"href":"http:\/\/desarrollo.grupomedios.com\/futbol\/wp-json\/wp\/v2\/types\/post"}],"author":[{"embeddable":true,"href":"http:\/\/desarrollo.grupomedios.com\/futbol\/wp-json\/wp\/v2\/users\/20"}],"replies":[{"embeddable":true,"href":"http:\/\/desarrollo.grupomedios.com\/futbol\/wp-json\/wp\/v2\/comments?post=500296"}],"version-history":[{"count":1,"href":"http:\/\/desarrollo.grupomedios.com\/futbol\/wp-json\/wp\/v2\/posts\/500296\/revisions"}],"predecessor-version":[{"id":500299,"href":"http:\/\/desarrollo.grupomedios.com\/futbol\/wp-json\/wp\/v2\/posts\/500296\/revisions\/500299"}],"wp:featuredmedia":[{"embeddable":true,"href":"http:\/\/desarrollo.grupomedios.com\/futbol\/wp-json\/wp\/v2\/media\/500297"}],"wp:attachment":[{"href":"http:\/\/desarrollo.grupomedios.com\/futbol\/wp-json\/wp\/v2\/media?parent=500296"}],"wp:term":[{"taxonomy":"category","embeddable":true,"href":"http:\/\/desarrollo.grupomedios.com\/futbol\/wp-json\/wp\/v2\/categories?post=500296"},{"taxonomy":"post_tag","embeddable":true,"href":"http:\/\/desarrollo.grupomedios.com\/futbol\/wp-json\/wp\/v2\/tags?post=500296"}],"curies":[{"name":"wp","href":"https:\/\/api.w.org\/{rel}","templated":true}]}}