{"id":500304,"date":"2017-09-16T10:19:05","date_gmt":"2017-09-16T15:19:05","guid":{"rendered":"https:\/\/www.futboltotal.com.mx\/?p=500304"},"modified":"2017-09-16T10:19:05","modified_gmt":"2017-09-16T15:19:05","slug":"cara-a-cara-canelo-alvarez-vs-golovkin","status":"publish","type":"post","link":"http:\/\/desarrollo.grupomedios.com\/futbol\/destacado-home\/cara-a-cara-canelo-alvarez-vs-golovkin\/2017\/09","title":{"rendered":"Cara a Cara: Canelo \u00c1lvarez vs Golovkin"},"content":{"rendered":"<p>Este s\u00e1bado 16 de septiembre, se ver\u00e1 un una de las peleas m\u00e1s espectaculares del a\u00f1o cuando<strong> Sa\u00fal Canelo \u00c1lvarez<\/strong> se enfrente a <strong>Gennady Golovkin<\/strong>.<\/p>\n<p>EL mexicano buscar\u00e1 obtener <strong>su octavo triunfo desde 2014<\/strong> y para ello tendr\u00e1 un duro rival en el afgano.<\/p>\n<p>En <strong>F\u00fatbol Total<\/strong> ya estamos listos y por ello te compartimos el Cara a cara de <strong>Canelo vs Golovkin<\/strong>.<\/p>\n<p><a href=\"https:\/\/www.futboltotal.com.mx\/wp-content\/uploads\/2017\/09\/canelovsgolovkin.jpg\"><img decoding=\"async\" loading=\"lazy\" class=\"alignnone size-full wp-image-500305\" src=\"https:\/\/www.futboltotal.com.mx\/wp-content\/uploads\/2017\/09\/canelovsgolovkin.jpg\" alt=\"Cara a Cara: Canelo \u00c1lvarez vs Golovkin 0\" srcset=\"http:\/\/desarrollo.grupomedios.com\/futbol\/wp-content\/uploads\/2017\/09\/canelovsgolovkin.jpg 854w, http:\/\/desarrollo.grupomedios.com\/futbol\/wp-content\/uploads\/2017\/09\/canelovsgolovkin-220x300.jpg 220w, http:\/\/desarrollo.grupomedios.com\/futbol\/wp-content\/uploads\/2017\/09\/canelovsgolovkin-768x1046.jpg 768w, http:\/\/desarrollo.grupomedios.com\/futbol\/wp-content\/uploads\/2017\/09\/canelovsgolovkin-752x1024.jpg 752w\" sizes=\"(max-width: 854px) 100vw, 854px\" \/><\/a><\/p>\n","protected":false},"excerpt":{"rendered":"<p>Lo que debes saber de una de las peleas m\u00e1s importantes del a\u00f1o.<\/p>\n","protected":false},"author":129,"featured_media":500241,"comment_status":"closed","ping_status":"closed","sticky":false,"template":"","format":"standard","meta":[],"categories":[6282,5],"tags":[5934,10224,10230],"_links":{"self":[{"href":"http:\/\/desarrollo.grupomedios.com\/futbol\/wp-json\/wp\/v2\/posts\/500304"}],"collection":[{"href":"http:\/\/desarrollo.grupomedios.com\/futbol\/wp-json\/wp\/v2\/posts"}],"about":[{"href":"http:\/\/desarrollo.grupomedios.com\/futbol\/wp-json\/wp\/v2\/types\/post"}],"author":[{"embeddable":true,"href":"http:\/\/desarrollo.grupomedios.com\/futbol\/wp-json\/wp\/v2\/users\/129"}],"replies":[{"embeddable":true,"href":"http:\/\/desarrollo.grupomedios.com\/futbol\/wp-json\/wp\/v2\/comments?post=500304"}],"version-history":[{"count":3,"href":"http:\/\/desarrollo.grupomedios.com\/futbol\/wp-json\/wp\/v2\/posts\/500304\/revisions"}],"predecessor-version":[{"id":500317,"href":"http:\/\/desarrollo.grupomedios.com\/futbol\/wp-json\/wp\/v2\/posts\/500304\/revisions\/500317"}],"wp:featuredmedia":[{"embeddable":true,"href":"http:\/\/desarrollo.grupomedios.com\/futbol\/wp-json\/wp\/v2\/media\/500241"}],"wp:attachment":[{"href":"http:\/\/desarrollo.grupomedios.com\/futbol\/wp-json\/wp\/v2\/media?parent=500304"}],"wp:term":[{"taxonomy":"category","embeddable":true,"href":"http:\/\/desarrollo.grupomedios.com\/futbol\/wp-json\/wp\/v2\/categories?post=500304"},{"taxonomy":"post_tag","embeddable":true,"href":"http:\/\/desarrollo.grupomedios.com\/futbol\/wp-json\/wp\/v2\/tags?post=500304"}],"curies":[{"name":"wp","href":"https:\/\/api.w.org\/{rel}","templated":true}]}}