{"id":500309,"date":"2017-09-16T09:49:31","date_gmt":"2017-09-16T14:49:31","guid":{"rendered":"https:\/\/www.futboltotal.com.mx\/?p=500309"},"modified":"2017-09-16T09:49:31","modified_gmt":"2017-09-16T14:49:31","slug":"jugadores-del-tri-se-unen-al-grito-viva-mexico","status":"publish","type":"post","link":"http:\/\/desarrollo.grupomedios.com\/futbol\/futbol-mexicano\/jugadores-del-tri-se-unen-al-grito-viva-mexico\/2017\/09","title":{"rendered":"Jugadores del Tri se unen al grito de \u00a1Viva M\u00e9xico!"},"content":{"rendered":"<p class=\"selectionShareable\">Los jugadores de la <strong>Selecci\u00f3n Mexicana<\/strong> se unieron al festejo por el grito de Independencia enviando mensajes a trav\u00e9s de redes sociales.<\/p>\n<p class=\"selectionShareable\">Muchos de ellos, como <strong>Salcedo, Chicharito, Lay\u00fan<\/strong>, entre otros, que se encuentran lejos del pa\u00eds pues sus carreras est\u00e1n en <strong>Europa<\/strong>.<\/p>\n<p class=\"selectionShareable\" style=\"text-align: center;\"><span style=\"color: #333399;\"><a style=\"color: #333399;\" href=\"https:\/\/www.futboltotal.com.mx\/2017\/09\/matias-almeyda-presenta-libro-chivas\/\" target=\"_blank\" rel=\"noopener noreferrer\">VER M\u00c1S: Mat\u00edas Almeyda presenta libro de Chivas<\/a><\/span><\/p>\n<p class=\"selectionShareable\">El hecho de estar lejos del suelo donde nacieron, derivo en emotivos mensajes sobre el pa\u00eds.<\/p>\n<blockquote class=\"twitter-tweet\" data-lang=\"es\">\n<p dir=\"ltr\" lang=\"es\">Me toca festejar el <a href=\"https:\/\/twitter.com\/hashtag\/DiaDeLaIndependencia?src=hash\">#DiaDeLaIndependencia<\/a> fuera de M\u00e9xico pero con el recordando siempre a mi tierra y a mi gente. \u00a1Qu\u00e9 <a href=\"https:\/\/twitter.com\/hashtag\/VivaM%C3%A9xico?src=hash\">#VivaM\u00e9xico<\/a>! <a href=\"https:\/\/twitter.com\/hashtag\/RJ9?src=hash\">#RJ9<\/a> <a href=\"https:\/\/t.co\/PFEvampcPH\">pic.twitter.com\/PFEvampcPH<\/a><\/p>\n<p>\u2014 Ra\u00fal Jim\u00e9nez (@Raul_Jimenez9) <a href=\"https:\/\/twitter.com\/Raul_Jimenez9\/status\/908754078129299456\">15 de septiembre de 2017<\/a><\/p><\/blockquote>\n<p><script async src=\"\/\/platform.twitter.com\/widgets.js\" charset=\"utf-8\"><\/script><\/p>\n<blockquote class=\"twitter-tweet\" data-lang=\"es\">\n<p dir=\"ltr\" lang=\"es\">Llevo ya unos a\u00f1os festejando este d\u00eda tan importante lejos de mi pa\u00eds, pero siempre me sentir\u00e9 orgulloso de ser mexicano!  <a href=\"https:\/\/twitter.com\/hashtag\/VivaMexico?src=hash\">#VivaMexico<\/a> <a href=\"https:\/\/t.co\/fMga2VKx7M\">pic.twitter.com\/fMga2VKx7M<\/a><\/p>\n<p>\u2014 Diego Reyes (@Diego_Reyes13) <a href=\"https:\/\/twitter.com\/Diego_Reyes13\/status\/908798570383339520\">15 de septiembre de 2017<\/a><\/p><\/blockquote>\n<p><script async src=\"\/\/platform.twitter.com\/widgets.js\" charset=\"utf-8\"><\/script><\/p>\n<blockquote class=\"twitter-tweet\" data-lang=\"es\">\n<p dir=\"ltr\" lang=\"es\">Ser mexicano es un orgullo. Estar lejos de M\u00e9xico te hace valorar todo lo bueno que tenemos, en especial nuestra gente. <a href=\"https:\/\/twitter.com\/hashtag\/VivaMexico?src=hash\">#VivaMexico<\/a> <a href=\"https:\/\/t.co\/uzyYjYWNV9\">pic.twitter.com\/uzyYjYWNV9<\/a><\/p>\n<p>\u2014 Miguel Layun (@Miguel_layun) <a href=\"https:\/\/twitter.com\/Miguel_layun\/status\/908806016720162818\">15 de septiembre de 2017<\/a><\/p><\/blockquote>\n<p><script async src=\"\/\/platform.twitter.com\/widgets.js\" charset=\"utf-8\"><\/script><\/p>\n<blockquote class=\"twitter-tweet\" data-lang=\"es\">\n<p dir=\"ltr\" lang=\"es\"><a href=\"https:\/\/twitter.com\/hashtag\/D%C3%ADaDeLaIndependenciadeM%C3%A9xico?src=hash\">#D\u00edaDeLaIndependenciadeM\u00e9xico<\/a> A la distancia, pero siempre ORGULLOSO DE MI PATRIA. <a href=\"https:\/\/twitter.com\/hashtag\/VivaM%C3%A9xico?src=hash\">#VivaM\u00e9xico<\/a>  <a href=\"https:\/\/t.co\/PyYXZBYXhL\">pic.twitter.com\/PyYXZBYXhL<\/a><\/p>\n<p>\u2014 Carlos Salcedo (@Csalcedojr) <a href=\"https:\/\/twitter.com\/Csalcedojr\/status\/908808458333511681\">15 de septiembre de 2017<\/a><\/p><\/blockquote>\n<p><script async src=\"\/\/platform.twitter.com\/widgets.js\" charset=\"utf-8\"><\/script><\/p>\n<blockquote class=\"twitter-tweet\" data-lang=\"es\">\n<p dir=\"ltr\" lang=\"es\">VIVA M\u00c9XICO  <a href=\"https:\/\/twitter.com\/hashtag\/orgullosodesermexicano?src=hash\">#orgullosodesermexicano<\/a> <a href=\"https:\/\/twitter.com\/hashtag\/d%C3%ADadelaindependenciadem%C3%A9xico?src=hash\">#d\u00edadelaindependenciadem\u00e9xico<\/a> <a href=\"https:\/\/t.co\/j2IgdNOwFI\">pic.twitter.com\/j2IgdNOwFI<\/a><\/p>\n<p>\u2014 Chicharito Hernandez (@CH14_) <a href=\"https:\/\/twitter.com\/CH14_\/status\/908798615711305728\">15 de septiembre de 2017<\/a><\/p><\/blockquote>\n<p><script async src=\"\/\/platform.twitter.com\/widgets.js\" charset=\"utf-8\"><\/script><\/p>\n<blockquote class=\"twitter-tweet\" data-lang=\"es\">\n<p dir=\"ltr\" lang=\"es\">Hoy m\u00e1s que nunca orgulloso de ser mexicano <a href=\"https:\/\/twitter.com\/hashtag\/VivaMexico?src=hash\">#VivaMexico<\/a> <a href=\"https:\/\/twitter.com\/hashtag\/GritoDeIndependencia?src=hash\">#GritoDeIndependencia<\/a> <a href=\"https:\/\/t.co\/NiIlexSAU5\">pic.twitter.com\/NiIlexSAU5<\/a><\/p>\n<p>\u2014 Rafa Marquez (@RafaMarquezMX) <a href=\"https:\/\/twitter.com\/RafaMarquezMX\/status\/908858436665860097\">16 de septiembre de 2017<\/a><\/p><\/blockquote>\n<p><script async src=\"\/\/platform.twitter.com\/widgets.js\" charset=\"utf-8\"><\/script><\/p>\n<blockquote class=\"twitter-tweet\" data-lang=\"es\">\n<p dir=\"ltr\" lang=\"es\">VIVAAA M\u00c9XICOOO CABRONES!!!  <a href=\"https:\/\/t.co\/kBeaaH00bX\">pic.twitter.com\/kBeaaH00bX<\/a><\/p>\n<p>\u2014 H\u00e9ctor Herrera (@HHerreramex) <a href=\"https:\/\/twitter.com\/HHerreramex\/status\/908784006929494021\">15 de septiembre de 2017<\/a><\/p><\/blockquote>\n<p><script async src=\"\/\/platform.twitter.com\/widgets.js\" charset=\"utf-8\"><\/script><\/p>\n<blockquote class=\"twitter-tweet\" data-lang=\"es\">\n<p dir=\"ltr\" lang=\"es\">Viva M\u00e9xico !!!! Orgulloso de ser Mexicano y Sinaloense  <a href=\"https:\/\/t.co\/N4yLCN2OpF\">pic.twitter.com\/N4yLCN2OpF<\/a><\/p>\n<p>\u2014 H\u00e9ctor Moreno (@HectorMorenoh) <a href=\"https:\/\/twitter.com\/HectorMorenoh\/status\/908799226259394560\">15 de septiembre de 2017<\/a><\/p><\/blockquote>\n<p><script async src=\"\/\/platform.twitter.com\/widgets.js\" charset=\"utf-8\"><\/script><\/p>\n<p style=\"text-align: center;\"><span style=\"color: #333399;\"><a style=\"color: #333399;\" href=\"https:\/\/www.futboltotal.com.mx\/2017\/09\/memo-ochoa-la-novedad-en-los-celulares-toda-belgica\/\" target=\"_blank\" rel=\"noopener noreferrer\">VER M\u00c1S: Memo Ochoa, la novedad en los celulares de toda B\u00e9lgica<\/a><\/span><\/p>\n","protected":false},"excerpt":{"rendered":"<p>Lo seleccionados se unieron al festejo por el pa\u00eds<\/p>\n","protected":false},"author":20,"featured_media":498193,"comment_status":"closed","ping_status":"closed","sticky":false,"template":"","format":"standard","meta":[],"categories":[2198,3847],"tags":[5531,120,6006,5995,5987,65,1035,409],"_links":{"self":[{"href":"http:\/\/desarrollo.grupomedios.com\/futbol\/wp-json\/wp\/v2\/posts\/500309"}],"collection":[{"href":"http:\/\/desarrollo.grupomedios.com\/futbol\/wp-json\/wp\/v2\/posts"}],"about":[{"href":"http:\/\/desarrollo.grupomedios.com\/futbol\/wp-json\/wp\/v2\/types\/post"}],"author":[{"embeddable":true,"href":"http:\/\/desarrollo.grupomedios.com\/futbol\/wp-json\/wp\/v2\/users\/20"}],"replies":[{"embeddable":true,"href":"http:\/\/desarrollo.grupomedios.com\/futbol\/wp-json\/wp\/v2\/comments?post=500309"}],"version-history":[{"count":1,"href":"http:\/\/desarrollo.grupomedios.com\/futbol\/wp-json\/wp\/v2\/posts\/500309\/revisions"}],"predecessor-version":[{"id":500310,"href":"http:\/\/desarrollo.grupomedios.com\/futbol\/wp-json\/wp\/v2\/posts\/500309\/revisions\/500310"}],"wp:featuredmedia":[{"embeddable":true,"href":"http:\/\/desarrollo.grupomedios.com\/futbol\/wp-json\/wp\/v2\/media\/498193"}],"wp:attachment":[{"href":"http:\/\/desarrollo.grupomedios.com\/futbol\/wp-json\/wp\/v2\/media?parent=500309"}],"wp:term":[{"taxonomy":"category","embeddable":true,"href":"http:\/\/desarrollo.grupomedios.com\/futbol\/wp-json\/wp\/v2\/categories?post=500309"},{"taxonomy":"post_tag","embeddable":true,"href":"http:\/\/desarrollo.grupomedios.com\/futbol\/wp-json\/wp\/v2\/tags?post=500309"}],"curies":[{"name":"wp","href":"https:\/\/api.w.org\/{rel}","templated":true}]}}