{"id":500325,"date":"2017-09-16T11:50:31","date_gmt":"2017-09-16T16:50:31","guid":{"rendered":"https:\/\/www.futboltotal.com.mx\/?p=500325"},"modified":"2017-09-16T11:51:21","modified_gmt":"2017-09-16T16:51:21","slug":"chicharito-llego-a-marsella-buscaban-jugador-poderoso","status":"publish","type":"post","link":"http:\/\/desarrollo.grupomedios.com\/futbol\/destacado-home\/chicharito-llego-a-marsella-buscaban-jugador-poderoso\/2017\/09","title":{"rendered":"Chicharito no lleg\u00f3 a Marsella, buscaban &#8220;un jugador m\u00e1s poderoso&#8221;"},"content":{"rendered":"<p>La llegada de <strong>Javier Chicharito Hern\u00e1ndez<\/strong> al <strong>Olympique de Marsella<\/strong> no se concret\u00f3 debido a que el cuadro franc\u00e9s buscaba a\u00a0<strong>&#8220;un jugador m\u00e1s poderoso&#8221;<\/strong>.<\/p>\n<p>De acuerdo al diario franc\u00e9s <em>La Provence<\/em>, el estratega <strong>Rudi Garc\u00eda<\/strong> es quien habr\u00eda detenido la llegada del delantero mexicano con el Marsella.<\/p>\n<p style=\"text-align: center;\"><span style=\"color: #333399;\"><a style=\"color: #333399;\" href=\"https:\/\/www.futboltotal.com.mx\/2017\/09\/asi-dio-grito-cuauhtemoc-blanco-en-cuernavaca\/\" target=\"_blank\" rel=\"noopener noreferrer\">VER M\u00c1S: As\u00ed dio el grito Cuauht\u00e9moc Blanco en Cuernavaca<\/a><\/span><\/p>\n<p>El director Deportivo,<strong>\u00a0Andoni Zubizarreta<\/strong>, ten\u00eda todas las intenciones de llevar a Hern\u00e1ndez, incluso indican que el mexicano<strong> &#8220;se interes\u00f3 por el proyecto de Marsella y empez\u00f3 a comprometerse con el club&#8221;<\/strong>, pero Garc\u00eda dijo que necesitaban a un delantero de mayor alcance.<\/p>\n<p>Al final los franceses se decantaron por el futbolista griego,\u00a0<strong>Konstantinos Mitroglou<\/strong>, que militaba en el <strong>Benfica<\/strong>. Finalmente Chicharito se comprometi\u00f3 con el <strong>West Ham United<\/strong>.<\/p>\n<p style=\"text-align: center;\"><span style=\"color: #333399;\"><a style=\"color: #333399;\" href=\"https:\/\/www.futboltotal.com.mx\/2017\/09\/acusan-a-nico-castillo-fingir-lesion-este-responde\/\" target=\"_blank\" rel=\"noopener noreferrer\">VER M\u00c1S: Acusan a Nico Castillo de fingir lesi\u00f3n y este responde<\/a><\/span><\/p>\n<p>&nbsp;<\/p>\n","protected":false},"excerpt":{"rendered":"<p>El delantero mexicano ya estaba comprometido con el club franc\u00e9s<\/p>\n","protected":false},"author":20,"featured_media":481050,"comment_status":"closed","ping_status":"closed","sticky":false,"template":"","format":"standard","meta":[],"categories":[5,7740,3839],"tags":[120,7469,6603,1743],"_links":{"self":[{"href":"http:\/\/desarrollo.grupomedios.com\/futbol\/wp-json\/wp\/v2\/posts\/500325"}],"collection":[{"href":"http:\/\/desarrollo.grupomedios.com\/futbol\/wp-json\/wp\/v2\/posts"}],"about":[{"href":"http:\/\/desarrollo.grupomedios.com\/futbol\/wp-json\/wp\/v2\/types\/post"}],"author":[{"embeddable":true,"href":"http:\/\/desarrollo.grupomedios.com\/futbol\/wp-json\/wp\/v2\/users\/20"}],"replies":[{"embeddable":true,"href":"http:\/\/desarrollo.grupomedios.com\/futbol\/wp-json\/wp\/v2\/comments?post=500325"}],"version-history":[{"count":1,"href":"http:\/\/desarrollo.grupomedios.com\/futbol\/wp-json\/wp\/v2\/posts\/500325\/revisions"}],"predecessor-version":[{"id":500326,"href":"http:\/\/desarrollo.grupomedios.com\/futbol\/wp-json\/wp\/v2\/posts\/500325\/revisions\/500326"}],"wp:featuredmedia":[{"embeddable":true,"href":"http:\/\/desarrollo.grupomedios.com\/futbol\/wp-json\/wp\/v2\/media\/481050"}],"wp:attachment":[{"href":"http:\/\/desarrollo.grupomedios.com\/futbol\/wp-json\/wp\/v2\/media?parent=500325"}],"wp:term":[{"taxonomy":"category","embeddable":true,"href":"http:\/\/desarrollo.grupomedios.com\/futbol\/wp-json\/wp\/v2\/categories?post=500325"},{"taxonomy":"post_tag","embeddable":true,"href":"http:\/\/desarrollo.grupomedios.com\/futbol\/wp-json\/wp\/v2\/tags?post=500325"}],"curies":[{"name":"wp","href":"https:\/\/api.w.org\/{rel}","templated":true}]}}