{"id":500327,"date":"2017-09-16T12:26:43","date_gmt":"2017-09-16T17:26:43","guid":{"rendered":"https:\/\/www.futboltotal.com.mx\/?p=500327"},"modified":"2017-09-16T12:26:43","modified_gmt":"2017-09-16T17:26:43","slug":"destrozan-placa-hugo-sanchez-en-wanda-metropolitano","status":"publish","type":"post","link":"http:\/\/desarrollo.grupomedios.com\/futbol\/futbol-internacional\/destrozan-placa-hugo-sanchez-en-wanda-metropolitano\/2017\/09","title":{"rendered":"Destrozan placa de Hugo S\u00e1nchez en el Wanda Metropolitano"},"content":{"rendered":"<p>En el estreno de la cancha del<strong> Atl\u00e9tico de Madrid<\/strong>, el\u00a0<strong>Wanda Metropolitano<\/strong>, la placa de <strong>Hugo S\u00e1nchez<\/strong> fue vandalizada; pisoteada y cubierta con calcoman\u00edas del Frente Atl\u00e9tico.<\/p>\n<p>Por cuatro temporadas, Hugo S\u00e1nchez milit\u00f3 con los colchoneros,\u00a0fue campe\u00f3n de Copa y m\u00e1ximo goleador de la Liga, antes de pasar al m\u00e1s importante\u00a0rival, el Real Madrid.<\/p>\n<p style=\"text-align: center;\"><span style=\"color: #333399;\"><a style=\"color: #333399;\" href=\"https:\/\/www.futboltotal.com.mx\/2017\/09\/chicharito-no-llego-a-marsella-buscaban-jugador-poderoso\/\" target=\"_blank\" rel=\"noopener noreferrer\">VER M\u00c1S: Chicharito no lleg\u00f3 al Marsella, buscaban &#8220;un jugador m\u00e1s poderoso&#8221;<\/a><\/span><\/p>\n<p>La placa del &#8216;Pentapichichi&#8217; no ha sido la \u00fanica cuestionada, tambi\u00e9n la del argentino, <strong>Sergio &#8216;Kun&#8217; Ag\u00fcero<\/strong> y <strong>Jos\u00e9 Antonio Reyes.<\/strong><\/p>\n<p><a href=\"https:\/\/www.futboltotal.com.mx\/wp-content\/uploads\/2017\/09\/hugo-placa.jpg\"><img decoding=\"async\" loading=\"lazy\" class=\"alignnone size-full wp-image-500328\" src=\"https:\/\/www.futboltotal.com.mx\/wp-content\/uploads\/2017\/09\/hugo-placa.jpg\" alt=\"Destrozan placa de Hugo S\u00e1nchez en el Wanda Metropolitano 0\" srcset=\"http:\/\/desarrollo.grupomedios.com\/futbol\/wp-content\/uploads\/2017\/09\/hugo-placa.jpg 660w, http:\/\/desarrollo.grupomedios.com\/futbol\/wp-content\/uploads\/2017\/09\/hugo-placa-300x169.jpg 300w, http:\/\/desarrollo.grupomedios.com\/futbol\/wp-content\/uploads\/2017\/09\/hugo-placa-393x221.jpg 393w\" sizes=\"(max-width: 660px) 100vw, 660px\" \/><\/a><\/p>\n<p style=\"text-align: center;\"><span style=\"color: #333399;\"><a style=\"color: #333399;\" href=\"https:\/\/www.futboltotal.com.mx\/2017\/09\/acusan-a-nico-castillo-fingir-lesion-este-responde\/\" target=\"_blank\" rel=\"noopener noreferrer\">VER M\u00c1S: Acusan a Nico Castillo de fingir su lesi\u00f3n y este responde<\/a><\/span><\/p>\n","protected":false},"excerpt":{"rendered":"<p>El Pentapichichi jug\u00f3 para el Real Madrid<\/p>\n","protected":false},"author":20,"featured_media":486029,"comment_status":"closed","ping_status":"closed","sticky":false,"template":"","format":"standard","meta":[],"categories":[3839],"tags":[6007,448,9773],"_links":{"self":[{"href":"http:\/\/desarrollo.grupomedios.com\/futbol\/wp-json\/wp\/v2\/posts\/500327"}],"collection":[{"href":"http:\/\/desarrollo.grupomedios.com\/futbol\/wp-json\/wp\/v2\/posts"}],"about":[{"href":"http:\/\/desarrollo.grupomedios.com\/futbol\/wp-json\/wp\/v2\/types\/post"}],"author":[{"embeddable":true,"href":"http:\/\/desarrollo.grupomedios.com\/futbol\/wp-json\/wp\/v2\/users\/20"}],"replies":[{"embeddable":true,"href":"http:\/\/desarrollo.grupomedios.com\/futbol\/wp-json\/wp\/v2\/comments?post=500327"}],"version-history":[{"count":1,"href":"http:\/\/desarrollo.grupomedios.com\/futbol\/wp-json\/wp\/v2\/posts\/500327\/revisions"}],"predecessor-version":[{"id":500329,"href":"http:\/\/desarrollo.grupomedios.com\/futbol\/wp-json\/wp\/v2\/posts\/500327\/revisions\/500329"}],"wp:featuredmedia":[{"embeddable":true,"href":"http:\/\/desarrollo.grupomedios.com\/futbol\/wp-json\/wp\/v2\/media\/486029"}],"wp:attachment":[{"href":"http:\/\/desarrollo.grupomedios.com\/futbol\/wp-json\/wp\/v2\/media?parent=500327"}],"wp:term":[{"taxonomy":"category","embeddable":true,"href":"http:\/\/desarrollo.grupomedios.com\/futbol\/wp-json\/wp\/v2\/categories?post=500327"},{"taxonomy":"post_tag","embeddable":true,"href":"http:\/\/desarrollo.grupomedios.com\/futbol\/wp-json\/wp\/v2\/tags?post=500327"}],"curies":[{"name":"wp","href":"https:\/\/api.w.org\/{rel}","templated":true}]}}