{"id":500337,"date":"2017-09-16T14:10:20","date_gmt":"2017-09-16T19:10:20","guid":{"rendered":"https:\/\/www.futboltotal.com.mx\/?p=500337"},"modified":"2017-09-16T14:23:48","modified_gmt":"2017-09-16T19:23:48","slug":"guardado-pone-magistral-asistencia-en-triunfo-betis","status":"publish","type":"post","link":"http:\/\/desarrollo.grupomedios.com\/futbol\/destacado-home\/guardado-pone-magistral-asistencia-en-triunfo-betis\/2017\/09","title":{"rendered":"Guardado pone magistral asistencia en triunfo de Betis"},"content":{"rendered":"<p>El mediocampista mexicano, <strong>Andr\u00e9s Guardado<\/strong> destac\u00f3 en el triunfo del <strong>Real Betis<\/strong> ante el <strong>Deportivo la Coru\u00f1a<\/strong>, conjunto que lo llev\u00f3 a Europa.<\/p>\n<p>En un duelo complicado que se manten\u00eda empatado luego de los tantos de <strong>Joaqu\u00edn<\/strong>, por parte del Betis y \u00a0<strong>Cartabia<\/strong> por parte de la Coru\u00f1a.<\/p>\n<p style=\"text-align: center;\"><span style=\"color: #333399;\"><a style=\"color: #333399;\" href=\"https:\/\/www.futboltotal.com.mx\/2017\/09\/lewandowski-obsesionado-llegar-al-real-madrid\/\" target=\"_blank\" rel=\"noopener noreferrer\">VER M\u00c1S: Lewandowski, obsesionado con llegar al Real Madrid<\/a><\/span><\/p>\n<p>Fue hasta que Andr\u00e9s Guardado, rob\u00f3 un bal\u00f3n y puso un magistral pase para Joaqu\u00edn que anot\u00f3 el gol del ventaja, el Betis logr\u00f3 llevarse el triunfo.<\/p>\n<p>El mediocampista mexicano particip\u00f3 en los 90 minutos del encuentro y consigui\u00f3 su tercer asistencia en lo que va de la temporada.<\/p>\n<p><iframe loading=\"lazy\" src=\"https:\/\/www.youtube.com\/embed\/HiCiNYbrU8w?feature=oembed\" frameborder=\"0\" allowfullscreen><\/iframe><\/p>\n<p style=\"text-align: center;\"><span style=\"color: #333399;\"><a style=\"color: #333399;\" href=\"https:\/\/www.futboltotal.com.mx\/2017\/09\/5-futbolistas-del-psg-saldran-en-enero\/\" target=\"_blank\" rel=\"noopener noreferrer\">VER M\u00c1S: 5 futbolistas que saldr\u00e1n del PSG en enero<\/a><\/span><\/p>\n<p>&nbsp;<\/p>\n","protected":false},"excerpt":{"rendered":"<p>El mexicano est\u00e1 en gran nivel con el Betis<\/p>\n","protected":false},"author":20,"featured_media":500338,"comment_status":"closed","ping_status":"closed","sticky":false,"template":"","format":"standard","meta":[],"categories":[5,3839],"tags":[6046,217,1192],"_links":{"self":[{"href":"http:\/\/desarrollo.grupomedios.com\/futbol\/wp-json\/wp\/v2\/posts\/500337"}],"collection":[{"href":"http:\/\/desarrollo.grupomedios.com\/futbol\/wp-json\/wp\/v2\/posts"}],"about":[{"href":"http:\/\/desarrollo.grupomedios.com\/futbol\/wp-json\/wp\/v2\/types\/post"}],"author":[{"embeddable":true,"href":"http:\/\/desarrollo.grupomedios.com\/futbol\/wp-json\/wp\/v2\/users\/20"}],"replies":[{"embeddable":true,"href":"http:\/\/desarrollo.grupomedios.com\/futbol\/wp-json\/wp\/v2\/comments?post=500337"}],"version-history":[{"count":1,"href":"http:\/\/desarrollo.grupomedios.com\/futbol\/wp-json\/wp\/v2\/posts\/500337\/revisions"}],"predecessor-version":[{"id":500339,"href":"http:\/\/desarrollo.grupomedios.com\/futbol\/wp-json\/wp\/v2\/posts\/500337\/revisions\/500339"}],"wp:featuredmedia":[{"embeddable":true,"href":"http:\/\/desarrollo.grupomedios.com\/futbol\/wp-json\/wp\/v2\/media\/500338"}],"wp:attachment":[{"href":"http:\/\/desarrollo.grupomedios.com\/futbol\/wp-json\/wp\/v2\/media?parent=500337"}],"wp:term":[{"taxonomy":"category","embeddable":true,"href":"http:\/\/desarrollo.grupomedios.com\/futbol\/wp-json\/wp\/v2\/categories?post=500337"},{"taxonomy":"post_tag","embeddable":true,"href":"http:\/\/desarrollo.grupomedios.com\/futbol\/wp-json\/wp\/v2\/tags?post=500337"}],"curies":[{"name":"wp","href":"https:\/\/api.w.org\/{rel}","templated":true}]}}