{"id":500342,"date":"2017-09-16T14:58:38","date_gmt":"2017-09-16T19:58:38","guid":{"rendered":"https:\/\/www.futboltotal.com.mx\/?p=500342"},"modified":"2017-09-16T14:58:38","modified_gmt":"2017-09-16T19:58:38","slug":"benfica-jimenez-se-cae-en-la-liga-portugal","status":"publish","type":"post","link":"http:\/\/desarrollo.grupomedios.com\/futbol\/futbol-internacional\/benfica-jimenez-se-cae-en-la-liga-portugal\/2017\/09","title":{"rendered":"El Benfica de Jim\u00e9nez se cae en la Liga de Portugal"},"content":{"rendered":"<p>El <strong>Benfica<\/strong> perdi\u00f3 2-1 en casa del<strong> Boavista<\/strong>, que logr\u00f3 remontar un tempranero gol del brasile\u00f1o <strong>Jonas<\/strong> con tantos de los portugueses Renato Santos y F\u00e1bio Espinho, lo que provoc\u00f3 que las &#8220;\u00e1guilas&#8221; cayesen a la cuarta posici\u00f3n en Liga.<\/p>\n<p>Con 13 puntos, el Benfica fue superado en la clasificaci\u00f3n por el Mar\u00edtimo, que s\u00ed cumpli\u00f3 en su compromiso ante el Desportivo de Aves (2-1) y suma 15 puntos, con lo que igual\u00f3 en cabeza al Oporto y al Sporting (que cuentan con un partido menos).<\/p>\n<p>En el Estadio do Bessa, en Oporto, Jonas adelant\u00f3 a su equipo el minuto 8 con un remate de cabeza a un centro del serbio Zivkovic.<\/p>\n<p style=\"text-align: center;\"><span style=\"color: #333399;\"><a style=\"color: #333399;\" href=\"https:\/\/www.futboltotal.com.mx\/2017\/09\/bundesliga-da-a-conocer-top-5-goles-mexicanos\/\">VER M\u00c1S:\u00a0<span class=\"item-title\">Bundesliga da a conocer su top 5 de goles mexicanos<\/span><\/a><\/span><\/p>\n<p>Sin embargo, el Boavista no se vino abajo y consigui\u00f3 igualar el marcador en la segunda parte, en la secuencia de un saque de banda que la defensa encarnada no consigui\u00f3 despejar en el minuto 54. El bal\u00f3n acab\u00f3 en los pies del extremo Renato Santos, que sin dudar bati\u00f3 a Bruno Varela con un remate cruzado.<\/p>\n<p>El portero del Benfica tuvo peor suerte en el minuto 73, cuando F\u00e1bio Espinho lanz\u00f3 una falta que Varela parec\u00eda tener controlada, pero el bal\u00f3n se le escap\u00f3 entre los dedos y acab\u00f3 en gol.<\/p>\n<p>El Benfica sufri\u00f3 as\u00ed la segunda derrota esta semana, ya que el martes cay\u00f3 en casa ante el CSKA de Mosc\u00fa en su estreno en la Liga de Campeones. Con la victoria, la segunda en seis jornadas, el Boavista escal\u00f3 hasta la und\u00e9cima posici\u00f3n en la tabla.<\/p>\n<p style=\"text-align: center;\"><span style=\"color: #333399;\"><a style=\"color: #333399;\" href=\"https:\/\/www.futboltotal.com.mx\/2017\/09\/guardado-pone-magistral-asistencia-en-triunfo-betis\/\">VER M\u00c1S:\u00a0<span class=\"item-title\">Guardado pone magistral asistencia en triunfo de Betis<\/span><\/a><\/span><\/p>\n","protected":false},"excerpt":{"rendered":"<p>Ra\u00fal Jim\u00e9nez entr\u00f3 de cambio y no pudo evitar la derrota de su escuadra<\/p>\n","protected":false},"author":144,"featured_media":500344,"comment_status":"closed","ping_status":"closed","sticky":false,"template":"","format":"standard","meta":[],"categories":[3839,7709,6718],"tags":[6060,10240,742],"_links":{"self":[{"href":"http:\/\/desarrollo.grupomedios.com\/futbol\/wp-json\/wp\/v2\/posts\/500342"}],"collection":[{"href":"http:\/\/desarrollo.grupomedios.com\/futbol\/wp-json\/wp\/v2\/posts"}],"about":[{"href":"http:\/\/desarrollo.grupomedios.com\/futbol\/wp-json\/wp\/v2\/types\/post"}],"author":[{"embeddable":true,"href":"http:\/\/desarrollo.grupomedios.com\/futbol\/wp-json\/wp\/v2\/users\/144"}],"replies":[{"embeddable":true,"href":"http:\/\/desarrollo.grupomedios.com\/futbol\/wp-json\/wp\/v2\/comments?post=500342"}],"version-history":[{"count":1,"href":"http:\/\/desarrollo.grupomedios.com\/futbol\/wp-json\/wp\/v2\/posts\/500342\/revisions"}],"predecessor-version":[{"id":500346,"href":"http:\/\/desarrollo.grupomedios.com\/futbol\/wp-json\/wp\/v2\/posts\/500342\/revisions\/500346"}],"wp:featuredmedia":[{"embeddable":true,"href":"http:\/\/desarrollo.grupomedios.com\/futbol\/wp-json\/wp\/v2\/media\/500344"}],"wp:attachment":[{"href":"http:\/\/desarrollo.grupomedios.com\/futbol\/wp-json\/wp\/v2\/media?parent=500342"}],"wp:term":[{"taxonomy":"category","embeddable":true,"href":"http:\/\/desarrollo.grupomedios.com\/futbol\/wp-json\/wp\/v2\/categories?post=500342"},{"taxonomy":"post_tag","embeddable":true,"href":"http:\/\/desarrollo.grupomedios.com\/futbol\/wp-json\/wp\/v2\/tags?post=500342"}],"curies":[{"name":"wp","href":"https:\/\/api.w.org\/{rel}","templated":true}]}}