{"id":500345,"date":"2017-09-16T15:15:05","date_gmt":"2017-09-16T20:15:05","guid":{"rendered":"https:\/\/www.futboltotal.com.mx\/?p=500345"},"modified":"2017-09-16T15:15:05","modified_gmt":"2017-09-16T20:15:05","slug":"habra-duelo-leyendas-del-tri-vs-jaguares-sismo","status":"publish","type":"post","link":"http:\/\/desarrollo.grupomedios.com\/futbol\/futbol-mexicano\/habra-duelo-leyendas-del-tri-vs-jaguares-sismo\/2017\/09","title":{"rendered":"Habr\u00e1 duelo de leyendas del Tri vs Jaguares por sismo"},"content":{"rendered":"<p>Los <strong>Jaguares de Chiapas<\/strong> volver\u00e1n a jugar para un partido a beneficio por el sismo de <strong>8.2 grados<\/strong> que sacudi\u00f3 al pa\u00eds el pasado <strong>7 de septiembre<\/strong>.<\/p>\n<p>El pr\u00f3ximo s\u00e1bado 7 de octubre se medir\u00e1n, en leyendas de la <strong>Selecci\u00f3n Mexicana<\/strong> que tendr\u00e1 un costo de 50 pesos o\u00a0ayuda en despensa para los damnificados.<\/p>\n<p style=\"text-align: center;\"><span style=\"color: #333399;\"><a style=\"color: #333399;\" href=\"https:\/\/www.futboltotal.com.mx\/2017\/09\/lewandowski-obsesionado-llegar-al-real-madrid\/\" target=\"_blank\" rel=\"noopener noreferrer\">VER M\u00c1S: Lewandowski, obsesionado con llegar al Real Madrid<\/a><\/span><\/p>\n<p>El partido contar\u00e1 con estrellas como\u00a0<strong>Antonio Naelson &#8216;Sinha&#8217;<\/strong>\u00a0y\u00a0<strong>Luis &#8216;Matador&#8217; Hern\u00e1ndez,\u00a0<\/strong>por parte del Tri y en Jaguares participar\u00e1n\u00a0<strong>Carlos Ochoa<\/strong>\u00a0y\u00a0<strong>Salvador Caba\u00f1as.<\/strong><\/p>\n<p><a href=\"https:\/\/www.futboltotal.com.mx\/wp-content\/uploads\/2017\/09\/jaguares-vs-leyendas-tri.jpg\"><img decoding=\"async\" loading=\"lazy\" class=\"alignnone size-full wp-image-500348\" src=\"https:\/\/www.futboltotal.com.mx\/wp-content\/uploads\/2017\/09\/jaguares-vs-leyendas-tri.jpg\" alt=\"Habr\u00e1 duelo de leyendas del Tri vs Jaguares por sismo 0\" srcset=\"http:\/\/desarrollo.grupomedios.com\/futbol\/wp-content\/uploads\/2017\/09\/jaguares-vs-leyendas-tri.jpg 719w, http:\/\/desarrollo.grupomedios.com\/futbol\/wp-content\/uploads\/2017\/09\/jaguares-vs-leyendas-tri-240x300.jpg 240w\" sizes=\"(max-width: 719px) 100vw, 719px\" \/><\/a><\/p>\n<p style=\"text-align: center;\"><span style=\"color: #333399;\"><a style=\"color: #333399;\" href=\"https:\/\/www.futboltotal.com.mx\/2017\/09\/5-futbolistas-del-psg-saldran-en-enero\/\" target=\"_blank\" rel=\"noopener noreferrer\">VER M\u00c1S: 5 futbolistas del PSG que saldr\u00e1n en enero<\/a><\/span><\/p>\n","protected":false},"excerpt":{"rendered":"<p>El duelo est\u00e1 programado para el mes de octubre<\/p>\n","protected":false},"author":20,"featured_media":500351,"comment_status":"closed","ping_status":"closed","sticky":false,"template":"","format":"standard","meta":[],"categories":[2198],"tags":[5964,10241,65,951,278,409],"_links":{"self":[{"href":"http:\/\/desarrollo.grupomedios.com\/futbol\/wp-json\/wp\/v2\/posts\/500345"}],"collection":[{"href":"http:\/\/desarrollo.grupomedios.com\/futbol\/wp-json\/wp\/v2\/posts"}],"about":[{"href":"http:\/\/desarrollo.grupomedios.com\/futbol\/wp-json\/wp\/v2\/types\/post"}],"author":[{"embeddable":true,"href":"http:\/\/desarrollo.grupomedios.com\/futbol\/wp-json\/wp\/v2\/users\/20"}],"replies":[{"embeddable":true,"href":"http:\/\/desarrollo.grupomedios.com\/futbol\/wp-json\/wp\/v2\/comments?post=500345"}],"version-history":[{"count":1,"href":"http:\/\/desarrollo.grupomedios.com\/futbol\/wp-json\/wp\/v2\/posts\/500345\/revisions"}],"predecessor-version":[{"id":500352,"href":"http:\/\/desarrollo.grupomedios.com\/futbol\/wp-json\/wp\/v2\/posts\/500345\/revisions\/500352"}],"wp:featuredmedia":[{"embeddable":true,"href":"http:\/\/desarrollo.grupomedios.com\/futbol\/wp-json\/wp\/v2\/media\/500351"}],"wp:attachment":[{"href":"http:\/\/desarrollo.grupomedios.com\/futbol\/wp-json\/wp\/v2\/media?parent=500345"}],"wp:term":[{"taxonomy":"category","embeddable":true,"href":"http:\/\/desarrollo.grupomedios.com\/futbol\/wp-json\/wp\/v2\/categories?post=500345"},{"taxonomy":"post_tag","embeddable":true,"href":"http:\/\/desarrollo.grupomedios.com\/futbol\/wp-json\/wp\/v2\/tags?post=500345"}],"curies":[{"name":"wp","href":"https:\/\/api.w.org\/{rel}","templated":true}]}}