{"id":500356,"date":"2017-09-16T15:50:18","date_gmt":"2017-09-16T20:50:18","guid":{"rendered":"https:\/\/www.futboltotal.com.mx\/?p=500356"},"modified":"2017-09-16T15:50:18","modified_gmt":"2017-09-16T20:50:18","slug":"jugador-la-mlb-presume-apoyo-al-canelo-zapatos-juego","status":"publish","type":"post","link":"http:\/\/desarrollo.grupomedios.com\/futbol\/no-todo-es-futbol\/beisbol\/jugador-la-mlb-presume-apoyo-al-canelo-zapatos-juego\/2017\/09","title":{"rendered":"Jugador de la MLB presume apoyo al &#8216;Canelo&#8217; con zapatos de juego"},"content":{"rendered":"<p>El Jugador M\u00e1s Valioso de la temporada 2015 de la Major League Baseball (MLB), <strong>Bryce Harper<\/strong>, dio a conocer en su cuenta oficial de Instagram sus zapatos de juego para el duelo de este s\u00e1bado contra los Dodgers de Los \u00c1ngeles con el nombre de <strong>Sa\u00fal &#8216;Canelo&#8217; \u00c1lvarez<\/strong> y los pu\u00f1os en tricolor.<\/p>\n<p>El beisbolista presume sus &#8220;tacos&#8221; en color azul y blanco con la leyenda &#8220;Mi Era, Team Canelo&#8221;, en apoyo al boxeador mexicano que sostendr\u00e1 su pelea esta noche por el cintur\u00f3n medio del CMB contra el kazajo Gennady Golovkin.<\/p>\n<p style=\"text-align: center;\"><span style=\"color: #333399;\"><a style=\"color: #333399;\" href=\"https:\/\/www.futboltotal.com.mx\/2017\/09\/cara-a-cara-canelo-alvarez-vs-golovkin\/\">VER M\u00c1S: &#8211;\u00a0<span class=\"item-title\">Cara a Cara: Canelo \u00c1lvarez vs Golovkin<\/span><\/a><\/span><\/p>\n<p>Harper dese\u00f3 buena suerte al peleador mexicano y afirm\u00f3 que estar\u00e1 por la noche apoy\u00e1ndolo en su pelea.<\/p>\n<blockquote class=\"instagram-media\" style=\"background: #FFF; border: 0; border-radius: 3px; box-shadow: 0 0 1px 0 rgba(0,0,0,0.5),0 1px 10px 0 rgba(0,0,0,0.15); margin: 1px; max-width: 658px; padding: 0; width: calc(100% - 2px);\" data-instgrm-captioned=\"\" data-instgrm-version=\"7\">\n<div style=\"padding: 8px;\">\n<div style=\"background: #F8F8F8; line-height: 0; margin-top: 40px; padding: 50.0% 0; text-align: center; width: 100%;\"><\/div>\n<p style=\"margin: 8px 0 0 0; padding: 0 4px;\"><a style=\"color: #000; font-family: Arial,sans-serif; font-size: 14px; font-style: normal; font-weight: normal; line-height: 17px; text-decoration: none; word-wrap: break-word;\" href=\"https:\/\/www.instagram.com\/p\/BZGvr8ABflh\/\" target=\"_blank\" rel=\"noopener noreferrer\">You know who I&#8217;m repping tonight! Good luck to @canelo on a huge fight tonight&#x1f64c;&#x1f3fb; Can&#8217;t wait to see it #TeamUA #IWill<\/a><\/p>\n<p style=\"color: #c9c8cd; font-family: Arial,sans-serif; font-size: 14px; line-height: 17px; margin-bottom: 0; margin-top: 8px; overflow: hidden; padding: 8px 0 7px; text-align: center; text-overflow: ellipsis; white-space: nowrap;\">Una publicaci\u00f3n compartida de Bryce Harper (@bharper3407) el <time style=\"font-family: Arial,sans-serif; font-size: 14px; line-height: 17px;\" datetime=\"2017-09-16T14:33:14+00:00\">16 de Sep de 2017 a la(s) 7:33 PDT<\/time><\/p>\n<\/div>\n<\/blockquote>\n<p><script async defer src=\"\/\/platform.instagram.com\/en_US\/embeds.js\"><\/script><\/p>\n","protected":false},"excerpt":{"rendered":"<p>Sa\u00fal &#8216;Canelo&#8217; \u00c1lvarez ha sido apoyado en varios sectores del deporte<\/p>\n","protected":false},"author":20,"featured_media":500357,"comment_status":"closed","ping_status":"closed","sticky":false,"template":"","format":"standard","meta":[],"categories":[5812,6282,6411],"tags":[10242,10224,9117,8004],"_links":{"self":[{"href":"http:\/\/desarrollo.grupomedios.com\/futbol\/wp-json\/wp\/v2\/posts\/500356"}],"collection":[{"href":"http:\/\/desarrollo.grupomedios.com\/futbol\/wp-json\/wp\/v2\/posts"}],"about":[{"href":"http:\/\/desarrollo.grupomedios.com\/futbol\/wp-json\/wp\/v2\/types\/post"}],"author":[{"embeddable":true,"href":"http:\/\/desarrollo.grupomedios.com\/futbol\/wp-json\/wp\/v2\/users\/20"}],"replies":[{"embeddable":true,"href":"http:\/\/desarrollo.grupomedios.com\/futbol\/wp-json\/wp\/v2\/comments?post=500356"}],"version-history":[{"count":1,"href":"http:\/\/desarrollo.grupomedios.com\/futbol\/wp-json\/wp\/v2\/posts\/500356\/revisions"}],"predecessor-version":[{"id":500358,"href":"http:\/\/desarrollo.grupomedios.com\/futbol\/wp-json\/wp\/v2\/posts\/500356\/revisions\/500358"}],"wp:featuredmedia":[{"embeddable":true,"href":"http:\/\/desarrollo.grupomedios.com\/futbol\/wp-json\/wp\/v2\/media\/500357"}],"wp:attachment":[{"href":"http:\/\/desarrollo.grupomedios.com\/futbol\/wp-json\/wp\/v2\/media?parent=500356"}],"wp:term":[{"taxonomy":"category","embeddable":true,"href":"http:\/\/desarrollo.grupomedios.com\/futbol\/wp-json\/wp\/v2\/categories?post=500356"},{"taxonomy":"post_tag","embeddable":true,"href":"http:\/\/desarrollo.grupomedios.com\/futbol\/wp-json\/wp\/v2\/tags?post=500356"}],"curies":[{"name":"wp","href":"https:\/\/api.w.org\/{rel}","templated":true}]}}