{"id":500372,"date":"2017-09-16T17:37:01","date_gmt":"2017-09-16T22:37:01","guid":{"rendered":"https:\/\/www.futboltotal.com.mx\/?p=500372"},"modified":"2017-09-16T17:37:31","modified_gmt":"2017-09-16T22:37:31","slug":"201709benedetto-no-extrana-a-la-liga-mx","status":"publish","type":"post","link":"http:\/\/desarrollo.grupomedios.com\/futbol\/futbol-mexicano\/201709benedetto-no-extrana-a-la-liga-mx\/2017\/09","title":{"rendered":"Benedetto no extra\u00f1a a la Liga MX"},"content":{"rendered":"<p>El delantero argentino <strong>Dar\u00edo Benedetto<\/strong> afirm\u00f3 que no tiene ninguna intenci\u00f3n de regresar a la Liga MX.<\/p>\n<p>El ex ariete de los <em>Xolos<\/em> de <strong>Tijuana<\/strong> y las <em>\u00c1guilas<\/em> del <strong>Am\u00e9rica<\/strong> asegur\u00f3 que su vida futbol\u00edstica recibi\u00f3 una segunda oportunidad en su llegada al <strong>Boca Juniors<\/strong>.<\/p>\n<p style=\"text-align: center;\"><span style=\"color: #333399;\"><a style=\"color: #333399;\" href=\"https:\/\/www.futboltotal.com.mx\/2017\/09\/tuca-cabecilla-amiguismos-en-los-pumas\/\">VER M\u00c1S:\u00a0<span class=\"item-title\">\u2018Tuca\u2019, cabecilla de \u201camiguismos\u201d en los Pumas<\/span><\/a><\/span><\/p>\n<p>Con 24 goles en dos torneos que lleva el &#8216;Pipa&#8217; con los xeneizes, se ha convertido en un verdadero referente del \u00e1rea, y eso ya lo ha llevado a ser convocado por Jorge Sampaoli en la selecci\u00f3n argentina.<\/p>\n<p>Benedetto acept\u00f3 en una entrevista con <em>TyC Sports<\/em> que est\u00e1 abierto siempre a escuchar ofertas, pero en este momento disfruta de su estad\u00eda en Boca Juniors y piensa en el contrato que firm\u00f3 y en jugar con el club.<\/p>\n<p style=\"text-align: center;\"><span style=\"color: #333399;\"><a style=\"color: #333399;\" href=\"https:\/\/www.futboltotal.com.mx\/2017\/09\/habra-duelo-leyendas-del-tri-vs-jaguares-sismo\/\">VER M\u00c1S:\u00a0<span class=\"item-title\">Habr\u00e1 duelo de leyendas del Tri vs Jaguares por sismo<\/span><\/a><\/span><\/p>\n","protected":false},"excerpt":{"rendered":"<p>El ex delantero de Xolos y Am\u00e9rica no regresar\u00e1 al futbol mexicano por ahora<\/p>\n","protected":false},"author":20,"featured_media":500375,"comment_status":"closed","ping_status":"closed","sticky":false,"template":"","format":"standard","meta":[],"categories":[3839,2198,7495,3845],"tags":[1683,3876,64],"_links":{"self":[{"href":"http:\/\/desarrollo.grupomedios.com\/futbol\/wp-json\/wp\/v2\/posts\/500372"}],"collection":[{"href":"http:\/\/desarrollo.grupomedios.com\/futbol\/wp-json\/wp\/v2\/posts"}],"about":[{"href":"http:\/\/desarrollo.grupomedios.com\/futbol\/wp-json\/wp\/v2\/types\/post"}],"author":[{"embeddable":true,"href":"http:\/\/desarrollo.grupomedios.com\/futbol\/wp-json\/wp\/v2\/users\/20"}],"replies":[{"embeddable":true,"href":"http:\/\/desarrollo.grupomedios.com\/futbol\/wp-json\/wp\/v2\/comments?post=500372"}],"version-history":[{"count":1,"href":"http:\/\/desarrollo.grupomedios.com\/futbol\/wp-json\/wp\/v2\/posts\/500372\/revisions"}],"predecessor-version":[{"id":500376,"href":"http:\/\/desarrollo.grupomedios.com\/futbol\/wp-json\/wp\/v2\/posts\/500372\/revisions\/500376"}],"wp:featuredmedia":[{"embeddable":true,"href":"http:\/\/desarrollo.grupomedios.com\/futbol\/wp-json\/wp\/v2\/media\/500375"}],"wp:attachment":[{"href":"http:\/\/desarrollo.grupomedios.com\/futbol\/wp-json\/wp\/v2\/media?parent=500372"}],"wp:term":[{"taxonomy":"category","embeddable":true,"href":"http:\/\/desarrollo.grupomedios.com\/futbol\/wp-json\/wp\/v2\/categories?post=500372"},{"taxonomy":"post_tag","embeddable":true,"href":"http:\/\/desarrollo.grupomedios.com\/futbol\/wp-json\/wp\/v2\/tags?post=500372"}],"curies":[{"name":"wp","href":"https:\/\/api.w.org\/{rel}","templated":true}]}}