{"id":500413,"date":"2017-09-16T20:20:50","date_gmt":"2017-09-17T01:20:50","guid":{"rendered":"https:\/\/www.futboltotal.com.mx\/?p=500413"},"modified":"2017-09-16T20:23:50","modified_gmt":"2017-09-17T01:23:50","slug":"dura-baja-del-america-clasicos-contra-cruz-azul-y-chivas","status":"publish","type":"post","link":"http:\/\/desarrollo.grupomedios.com\/futbol\/futbol-mexicano\/dura-baja-del-america-clasicos-contra-cruz-azul-y-chivas\/2017\/09","title":{"rendered":"\u00a1Dura baja del Am\u00e9rica para &#8216;Cl\u00e1sicos&#8217; contra Cruz Azul y Chivas!"},"content":{"rendered":"<p>El futbolista de las \u00c1guilas,<strong> \u00c9dson \u00c1lvarez<\/strong>, sufri\u00f3 un esguince de rodilla y no estar\u00e1 para los juegos contra <strong>Cruz Azul<\/strong> y <strong>Chivas<\/strong>.<\/p>\n<p>El jugador del Am\u00e9rica sali\u00f3 lesionado durante los primeros minutos del tiempo inicial en su duelo contra los Xolos, y ahora se perder\u00e1 los dos &#8216;Cl\u00e1sicos&#8217; m\u00e1s importantes del equipo.<\/p>\n<p style=\"text-align: center;\"><span style=\"color: #333399;\"><a style=\"color: #333399;\" href=\"https:\/\/www.futboltotal.com.mx\/2017\/09\/jugador-sale-conmocionado-al-hospital-en-cruz-azul-santos\/\">VER M\u00c1S:\u00a0<span class=\"item-title\">Jugador sale conmocionado y al hospital en Cruz Azul-Santos<\/span><\/a><\/span><\/p>\n<p>Las \u00c1guilas dieron a conocer la condici\u00f3n de \u00c1lvarez en un breve comunicado, pero hasta el lunes se sabr\u00e1 por cu\u00e1nto tiempo estar\u00e1 fuera el jugador.<\/p>\n<blockquote class=\"twitter-tweet\" data-lang=\"es\">\n<p dir=\"ltr\" lang=\"es\">&#x1f4dd; Comunicado Oficial: Parte M\u00e9dico de Edson \u00c1lvarez <a href=\"https:\/\/t.co\/vB9jS7hGOR\">pic.twitter.com\/vB9jS7hGOR<\/a><\/p>\n<p>\u2014 Club Am\u00e9rica (@ClubAmerica) <a href=\"https:\/\/twitter.com\/ClubAmerica\/status\/909215907758723072\">17 de septiembre de 2017<\/a><\/p><\/blockquote>\n<p><script async src=\"\/\/platform.twitter.com\/widgets.js\" charset=\"utf-8\"><\/script><\/p>\n","protected":false},"excerpt":{"rendered":"<p>El multifuncional jugador se perder\u00e1 los partidos por un esguince de rodilla<\/p>\n","protected":false},"author":20,"featured_media":500414,"comment_status":"closed","ping_status":"closed","sticky":false,"template":"","format":"standard","meta":[],"categories":[2198,3845],"tags":[5959,7939],"_links":{"self":[{"href":"http:\/\/desarrollo.grupomedios.com\/futbol\/wp-json\/wp\/v2\/posts\/500413"}],"collection":[{"href":"http:\/\/desarrollo.grupomedios.com\/futbol\/wp-json\/wp\/v2\/posts"}],"about":[{"href":"http:\/\/desarrollo.grupomedios.com\/futbol\/wp-json\/wp\/v2\/types\/post"}],"author":[{"embeddable":true,"href":"http:\/\/desarrollo.grupomedios.com\/futbol\/wp-json\/wp\/v2\/users\/20"}],"replies":[{"embeddable":true,"href":"http:\/\/desarrollo.grupomedios.com\/futbol\/wp-json\/wp\/v2\/comments?post=500413"}],"version-history":[{"count":2,"href":"http:\/\/desarrollo.grupomedios.com\/futbol\/wp-json\/wp\/v2\/posts\/500413\/revisions"}],"predecessor-version":[{"id":500417,"href":"http:\/\/desarrollo.grupomedios.com\/futbol\/wp-json\/wp\/v2\/posts\/500413\/revisions\/500417"}],"wp:featuredmedia":[{"embeddable":true,"href":"http:\/\/desarrollo.grupomedios.com\/futbol\/wp-json\/wp\/v2\/media\/500414"}],"wp:attachment":[{"href":"http:\/\/desarrollo.grupomedios.com\/futbol\/wp-json\/wp\/v2\/media?parent=500413"}],"wp:term":[{"taxonomy":"category","embeddable":true,"href":"http:\/\/desarrollo.grupomedios.com\/futbol\/wp-json\/wp\/v2\/categories?post=500413"},{"taxonomy":"post_tag","embeddable":true,"href":"http:\/\/desarrollo.grupomedios.com\/futbol\/wp-json\/wp\/v2\/tags?post=500413"}],"curies":[{"name":"wp","href":"https:\/\/api.w.org\/{rel}","templated":true}]}}