{"id":500415,"date":"2017-09-16T21:35:48","date_gmt":"2017-09-17T02:35:48","guid":{"rendered":"https:\/\/www.futboltotal.com.mx\/?p=500415"},"modified":"2017-09-16T21:35:48","modified_gmt":"2017-09-17T02:35:48","slug":"aficion-tigres-denuncia-violencia-seguidores-del-morelia","status":"publish","type":"post","link":"http:\/\/desarrollo.grupomedios.com\/futbol\/futbol-mexicano\/aficion-tigres-denuncia-violencia-seguidores-del-morelia\/2017\/09","title":{"rendered":"Afici\u00f3n de Tigres denuncia violencia de seguidores del Morelia"},"content":{"rendered":"<p>El partido entre <a href=\"https:\/\/www.futboltotal.com.mx\/2017\/09\/cronica-resultados-morelia-3-3-tigres-apertura-2017-liga-mx\/\" target=\"_blank\" rel=\"noopener noreferrer\"><span style=\"color: #333399;\"><strong>Morelia<\/strong> y <strong>Tigres<\/strong>, lluvia de goles que acab\u00f3 3-3<\/span><\/a> y que abri\u00f3 la jornada 9 del <strong>Apertura 2017<\/strong>, desgraciadamente cont\u00f3 con un hecho reprobable por parte de algunos aficionados de <em>Monarcas<\/em> que apedrearon un cami\u00f3n de seguidores del cuadro norte\u00f1o e incluso hubo detenidos.<\/p>\n<p>Una seguidora del club de la UANL subi\u00f3 a redes sociales im\u00e1genes de este ataque y m\u00e1s tarde contact\u00f3 a la redacci\u00f3n de <strong>Futbol Total<\/strong> para dar su versi\u00f3n de los hechos.<\/p>\n<p>&#8220;Me gustar\u00eda que la directiva de <strong>Tigres<\/strong> supiera que anoche estuvimos en el estadio de <strong>Morelia<\/strong>. Somos un cami\u00f3n de Tigres familiar (sic) y nos tiraron piedras y nos quebraron el vidrio del autob\u00fas&#8221;, dijo la aficionada regiomontana.<\/p>\n<p style=\"text-align: center;\"><a href=\"https:\/\/www.futboltotal.com.mx\/2017\/09\/stallone-vuelve-pedir-ver-mas-bax-ultima-entrega-tecate\/\" target=\"_blank\" rel=\"noopener noreferrer\"><span style=\"color: #333399;\">VER M\u00c1S: Stallone vuelve a pedir &#8220;ver m\u00e1s bax&#8221; en comercial de Tecate<\/span><\/a><\/p>\n<p>La afectada, de nombre Hilda, mencion\u00f3 que no recibieron apoyo por parte de las autoridades pertinentes una vez que intentaron levantar una denuncia a causa del incidente.<\/p>\n<p><a href=\"https:\/\/www.futboltotal.com.mx\/wp-content\/uploads\/2017\/09\/Tigres-Violencia-Morelia2.jpg\"><img decoding=\"async\" loading=\"lazy\" class=\"aligncenter size-large wp-image-500434\" src=\"https:\/\/www.futboltotal.com.mx\/wp-content\/uploads\/2017\/09\/Tigres-Violencia-Morelia2-1024x576.jpg\" alt=\"Afici\u00f3n de Tigres denuncia violencia de seguidores del Morelia 0\" srcset=\"http:\/\/desarrollo.grupomedios.com\/futbol\/wp-content\/uploads\/2017\/09\/Tigres-Violencia-Morelia2-1024x576.jpg 1024w, http:\/\/desarrollo.grupomedios.com\/futbol\/wp-content\/uploads\/2017\/09\/Tigres-Violencia-Morelia2-300x169.jpg 300w, http:\/\/desarrollo.grupomedios.com\/futbol\/wp-content\/uploads\/2017\/09\/Tigres-Violencia-Morelia2-768x432.jpg 768w, http:\/\/desarrollo.grupomedios.com\/futbol\/wp-content\/uploads\/2017\/09\/Tigres-Violencia-Morelia2-393x221.jpg 393w, http:\/\/desarrollo.grupomedios.com\/futbol\/wp-content\/uploads\/2017\/09\/Tigres-Violencia-Morelia2.jpg 1136w\" sizes=\"(max-width: 1024px) 100vw, 1024px\" \/><\/a><\/p>\n<p>&#8220;Fuimos a poner denuncia al Ministerio P\u00fablico de Morelia y nadie nos ayud\u00f3. Somos un grupo que casi siempre va a los juegos de fuera somos se\u00f1oras, ni\u00f1os y j\u00f3venes y no creo justa esa agresi\u00f3n\u00a0hacia nuestra porra, fue adentro del Estadio Morelos&#8221;, agreg\u00f3.<\/p>\n<p><a href=\"https:\/\/www.futboltotal.com.mx\/wp-content\/uploads\/2017\/09\/Tigres-Violencia-Morelia3.jpg\"><img decoding=\"async\" loading=\"lazy\" class=\"aligncenter size-large wp-image-500435\" src=\"https:\/\/www.futboltotal.com.mx\/wp-content\/uploads\/2017\/09\/Tigres-Violencia-Morelia3-1024x576.jpg\" alt=\"Afici\u00f3n de Tigres denuncia violencia de seguidores del Morelia 1\" srcset=\"http:\/\/desarrollo.grupomedios.com\/futbol\/wp-content\/uploads\/2017\/09\/Tigres-Violencia-Morelia3-1024x576.jpg 1024w, http:\/\/desarrollo.grupomedios.com\/futbol\/wp-content\/uploads\/2017\/09\/Tigres-Violencia-Morelia3-300x169.jpg 300w, http:\/\/desarrollo.grupomedios.com\/futbol\/wp-content\/uploads\/2017\/09\/Tigres-Violencia-Morelia3-768x432.jpg 768w, http:\/\/desarrollo.grupomedios.com\/futbol\/wp-content\/uploads\/2017\/09\/Tigres-Violencia-Morelia3-393x221.jpg 393w, http:\/\/desarrollo.grupomedios.com\/futbol\/wp-content\/uploads\/2017\/09\/Tigres-Violencia-Morelia3.jpg 1136w\" sizes=\"(max-width: 1024px) 100vw, 1024px\" \/><\/a><\/p>\n<p>Adem\u00e1s, la fan\u00e1tica tambi\u00e9n comparti\u00f3 un video en el que se muestra a un seguidor de <em>Monarcas<\/em> detenido y sentado en la parte trasera de una camioneta de la polic\u00eda local, quien se cubre el rostro con la playera que porta del club <strong>Morelia<\/strong>, aunque algunas personas lo jalan e intentan que muestre su rostro.<\/p>\n<p>&nbsp;<\/p>\n<blockquote class=\"twitter-video\" data-lang=\"es\">\n<p dir=\"ltr\" lang=\"es\">Afici\u00f3n de Tigres denuncian que quebraron el vidrio del autob\u00fas en su visita a Morelia <a href=\"https:\/\/t.co\/NaR0f5cB0Y\">pic.twitter.com\/NaR0f5cB0Y<\/a><\/p>\n<p>\u2014 Mundofutbol (@mundo_futgol) <a href=\"https:\/\/twitter.com\/mundo_futgol\/status\/909239938725670919\">17 de septiembre de 2017<\/a><\/p><\/blockquote>\n<p><script async src=\"\/\/platform.twitter.com\/widgets.js\" charset=\"utf-8\"><\/script><\/p>\n","protected":false},"excerpt":{"rendered":"<p>Seguidores de Monarcas apedrearon un cami\u00f3n de fan\u00e1ticos de los felinos.<\/p>\n","protected":false},"author":20,"featured_media":500426,"comment_status":"closed","ping_status":"closed","sticky":false,"template":"","format":"standard","meta":[],"categories":[2198,3845],"tags":[2199,8357,64,5967,5973,3107],"_links":{"self":[{"href":"http:\/\/desarrollo.grupomedios.com\/futbol\/wp-json\/wp\/v2\/posts\/500415"}],"collection":[{"href":"http:\/\/desarrollo.grupomedios.com\/futbol\/wp-json\/wp\/v2\/posts"}],"about":[{"href":"http:\/\/desarrollo.grupomedios.com\/futbol\/wp-json\/wp\/v2\/types\/post"}],"author":[{"embeddable":true,"href":"http:\/\/desarrollo.grupomedios.com\/futbol\/wp-json\/wp\/v2\/users\/20"}],"replies":[{"embeddable":true,"href":"http:\/\/desarrollo.grupomedios.com\/futbol\/wp-json\/wp\/v2\/comments?post=500415"}],"version-history":[{"count":1,"href":"http:\/\/desarrollo.grupomedios.com\/futbol\/wp-json\/wp\/v2\/posts\/500415\/revisions"}],"predecessor-version":[{"id":500436,"href":"http:\/\/desarrollo.grupomedios.com\/futbol\/wp-json\/wp\/v2\/posts\/500415\/revisions\/500436"}],"wp:featuredmedia":[{"embeddable":true,"href":"http:\/\/desarrollo.grupomedios.com\/futbol\/wp-json\/wp\/v2\/media\/500426"}],"wp:attachment":[{"href":"http:\/\/desarrollo.grupomedios.com\/futbol\/wp-json\/wp\/v2\/media?parent=500415"}],"wp:term":[{"taxonomy":"category","embeddable":true,"href":"http:\/\/desarrollo.grupomedios.com\/futbol\/wp-json\/wp\/v2\/categories?post=500415"},{"taxonomy":"post_tag","embeddable":true,"href":"http:\/\/desarrollo.grupomedios.com\/futbol\/wp-json\/wp\/v2\/tags?post=500415"}],"curies":[{"name":"wp","href":"https:\/\/api.w.org\/{rel}","templated":true}]}}