{"id":500448,"date":"2017-09-16T23:27:41","date_gmt":"2017-09-17T04:27:41","guid":{"rendered":"https:\/\/www.futboltotal.com.mx\/?p=500448"},"modified":"2017-09-17T08:08:28","modified_gmt":"2017-09-17T13:08:28","slug":"los-memes-del-empate-del-canelo-golovkin","status":"publish","type":"post","link":"http:\/\/desarrollo.grupomedios.com\/futbol\/galerias\/los-memes-del-empate-del-canelo-golovkin\/2017\/09","title":{"rendered":"Los memes del empate del &#8216;Canelo&#8217; con Golovkin"},"content":{"rendered":"<p>Una gran pelea se vivi\u00f3 en el T-Mobile Arena de Las Vegas, Nevada, y sin duda el empate entre<strong> Sa\u00fal &#8216;Canelo&#8217; \u00c1lvarez<\/strong> y <strong>Gennady Golovkin<\/strong> ha generado muchas reacciones en las redes sociales.<\/p>\n<p>El &#8216;Canelo&#8217; inici\u00f3 y cerr\u00f3 dominante, mientras que Golovkin tuvo un nivel regular pese a que en los \u00faltimos rounds perdi\u00f3 la br\u00fajula de la contienda.<\/p>\n<p style=\"text-align: center;\"><span style=\"color: #333399;\"><a style=\"color: #333399;\" href=\"https:\/\/www.futboltotal.com.mx\/2017\/09\/jueces-definen-empate-en-la-pelea-canelo-vs-golovkin\/\">VER M\u00c1S:\u00a0<span class=\"item-title\">Jueces definen empate en la pelea Canelo vs Golovkin<\/span><\/a><\/span><\/p>\n<p>Esta situaci\u00f3n ha provocado que todos los amantes al box quiera una segunda pelea entre ambos pugilistas, y esto es un poco de lo que la afici\u00f3n public\u00f3 en las redes sociales.<\/p>\n<div id=\"gallerycNH\" style=\"display:none;\"><img alt=\"\" src=\"http:\/\/desarrollo.grupomedios.com\/futbol\/wp-content\/uploads\/2017\/09\/meme-1-canelo.jpg\" data-image=\"http:\/\/desarrollo.grupomedios.com\/futbol\/wp-content\/uploads\/2017\/09\/meme-1-canelo.jpg\" data-description=\"meme-1-canelo\"><img alt=\"\" src=\"http:\/\/desarrollo.grupomedios.com\/futbol\/wp-content\/uploads\/2017\/09\/memes_canelo_previa_5.jpg\" data-image=\"http:\/\/desarrollo.grupomedios.com\/futbol\/wp-content\/uploads\/2017\/09\/memes_canelo_previa_5.jpg\" data-description=\"memes_canelo_previa_5\"><img alt=\"\" src=\"http:\/\/desarrollo.grupomedios.com\/futbol\/wp-content\/uploads\/2017\/09\/meme-3-canelo-chivas.jpg\" data-image=\"http:\/\/desarrollo.grupomedios.com\/futbol\/wp-content\/uploads\/2017\/09\/meme-3-canelo-chivas.jpg\" data-description=\"meme-3-canelo-chivas\"><img alt=\"\" src=\"http:\/\/desarrollo.grupomedios.com\/futbol\/wp-content\/uploads\/2017\/09\/meme-4-canelo.jpg\" data-image=\"http:\/\/desarrollo.grupomedios.com\/futbol\/wp-content\/uploads\/2017\/09\/meme-4-canelo.jpg\" data-description=\"meme-4-canelo\"><img alt=\"\" src=\"http:\/\/desarrollo.grupomedios.com\/futbol\/wp-content\/uploads\/2017\/09\/meme-6-canelo.jpg\" data-image=\"http:\/\/desarrollo.grupomedios.com\/futbol\/wp-content\/uploads\/2017\/09\/meme-6-canelo.jpg\" data-description=\"meme-6-canelo\"><img alt=\"\" src=\"http:\/\/desarrollo.grupomedios.com\/futbol\/wp-content\/uploads\/2017\/09\/meme-2-ajustado.jpg\" data-image=\"http:\/\/desarrollo.grupomedios.com\/futbol\/wp-content\/uploads\/2017\/09\/meme-2-ajustado.jpg\" data-description=\"meme-2-ajustado\"><img alt=\"\" src=\"http:\/\/desarrollo.grupomedios.com\/futbol\/wp-content\/uploads\/2017\/09\/meme-3-ajustado.jpg\" data-image=\"http:\/\/desarrollo.grupomedios.com\/futbol\/wp-content\/uploads\/2017\/09\/meme-3-ajustado.jpg\" data-description=\"meme-3-ajustado\"><img alt=\"\" src=\"http:\/\/desarrollo.grupomedios.com\/futbol\/wp-content\/uploads\/2017\/09\/meme-ajustado-1.jpg\" data-image=\"http:\/\/desarrollo.grupomedios.com\/futbol\/wp-content\/uploads\/2017\/09\/meme-ajustado-1.jpg\" data-description=\"meme-ajustado-1\"><img alt=\"\" src=\"http:\/\/desarrollo.grupomedios.com\/futbol\/wp-content\/uploads\/2017\/09\/DJ5LEtpUIAAL6xG.jpg\" data-image=\"http:\/\/desarrollo.grupomedios.com\/futbol\/wp-content\/uploads\/2017\/09\/DJ5LEtpUIAAL6xG.jpg\" data-description=\"DJ5LEtpUIAAL6xG\"><img alt=\"\" src=\"http:\/\/desarrollo.grupomedios.com\/futbol\/wp-content\/uploads\/2017\/09\/memes_canelo_previo.jpg\" data-image=\"http:\/\/desarrollo.grupomedios.com\/futbol\/wp-content\/uploads\/2017\/09\/memes_canelo_previo.jpg\" data-description=\"memes_canelo_previo\"><img alt=\"\" src=\"http:\/\/desarrollo.grupomedios.com\/futbol\/wp-content\/uploads\/2017\/09\/DJ5gAOtWkAAZdgB.jpg\" data-image=\"http:\/\/desarrollo.grupomedios.com\/futbol\/wp-content\/uploads\/2017\/09\/DJ5gAOtWkAAZdgB.jpg\" data-description=\"DJ5gAOtWkAAZdgB\"><img alt=\"\" src=\"http:\/\/desarrollo.grupomedios.com\/futbol\/wp-content\/uploads\/2017\/09\/memes_canelo_previo_2.jpg\" data-image=\"http:\/\/desarrollo.grupomedios.com\/futbol\/wp-content\/uploads\/2017\/09\/memes_canelo_previo_2.jpg\" data-description=\"memes_canelo_previo_2\"><img alt=\"\" src=\"http:\/\/desarrollo.grupomedios.com\/futbol\/wp-content\/uploads\/2017\/09\/mmes_canelo_3.jpg\" data-image=\"http:\/\/desarrollo.grupomedios.com\/futbol\/wp-content\/uploads\/2017\/09\/mmes_canelo_3.jpg\" data-description=\"mmes_canelo_3\"><img alt=\"\" src=\"http:\/\/desarrollo.grupomedios.com\/futbol\/wp-content\/uploads\/2017\/09\/memes_canelo_previo_4.jpg\" data-image=\"http:\/\/desarrollo.grupomedios.com\/futbol\/wp-content\/uploads\/2017\/09\/memes_canelo_previo_4.jpg\" data-description=\"memes_canelo_previo_4\"><img alt=\"\" src=\"http:\/\/desarrollo.grupomedios.com\/futbol\/wp-content\/uploads\/2017\/09\/DJ5SOewUMAAzJqF.jpg\" data-image=\"http:\/\/desarrollo.grupomedios.com\/futbol\/wp-content\/uploads\/2017\/09\/DJ5SOewUMAAzJqF.jpg\" data-description=\"DJ5SOewUMAAzJqF\"><img alt=\"\" src=\"http:\/\/desarrollo.grupomedios.com\/futbol\/wp-content\/uploads\/2017\/09\/canelo_previa_4.jpg\" data-image=\"http:\/\/desarrollo.grupomedios.com\/futbol\/wp-content\/uploads\/2017\/09\/canelo_previa_4.jpg\" data-description=\"canelo_previa_4\"><img alt=\"\" src=\"http:\/\/desarrollo.grupomedios.com\/futbol\/wp-content\/uploads\/2017\/09\/meme-canelo-ggg-1.jpg\" data-image=\"http:\/\/desarrollo.grupomedios.com\/futbol\/wp-content\/uploads\/2017\/09\/meme-canelo-ggg-1.jpg\" data-description=\"meme-canelo-ggg-1\"><img alt=\"\" src=\"http:\/\/desarrollo.grupomedios.com\/futbol\/wp-content\/uploads\/2017\/09\/meme-canelo-ggg-2.jpg\" data-image=\"http:\/\/desarrollo.grupomedios.com\/futbol\/wp-content\/uploads\/2017\/09\/meme-canelo-ggg-2.jpg\" data-description=\"meme-canelo-ggg-2\"><img alt=\"\" src=\"http:\/\/desarrollo.grupomedios.com\/futbol\/wp-content\/uploads\/2017\/09\/DJ5QOSWVwAY3_iA.jpg\" data-image=\"http:\/\/desarrollo.grupomedios.com\/futbol\/wp-content\/uploads\/2017\/09\/DJ5QOSWVwAY3_iA.jpg\" data-description=\"DJ5QOSWVwAY3_iA\"><img alt=\"\" src=\"http:\/\/desarrollo.grupomedios.com\/futbol\/wp-content\/uploads\/2017\/09\/memes_canelo_previo_6.jpg\" data-image=\"http:\/\/desarrollo.grupomedios.com\/futbol\/wp-content\/uploads\/2017\/09\/memes_canelo_previo_6.jpg\" data-description=\"memes_canelo_previo_6\"><img alt=\"\" src=\"http:\/\/desarrollo.grupomedios.com\/futbol\/wp-content\/uploads\/2017\/09\/memes_canelo_previo_7.jpg\" data-image=\"http:\/\/desarrollo.grupomedios.com\/futbol\/wp-content\/uploads\/2017\/09\/memes_canelo_previo_7.jpg\" data-description=\"memes_canelo_previo_7\"><\/div>\n        <script>\n        \/\/galeria 1\n        jQuery(document).ready(function(){ \n            var api;\n            api = jQuery(\"#gallerycNH\").unitegallery({\n                carousel_autoplay: false\n            }); \n        });\n        <\/script>\n        \n","protected":false},"excerpt":{"rendered":"<p>Las reacciones en las redes sociales no se hicieron esperar<\/p>\n","protected":false},"author":20,"featured_media":500458,"comment_status":"closed","ping_status":"closed","sticky":false,"template":"","format":"standard","meta":[],"categories":[6282,3,6409],"tags":[10224,9117,8004],"_links":{"self":[{"href":"http:\/\/desarrollo.grupomedios.com\/futbol\/wp-json\/wp\/v2\/posts\/500448"}],"collection":[{"href":"http:\/\/desarrollo.grupomedios.com\/futbol\/wp-json\/wp\/v2\/posts"}],"about":[{"href":"http:\/\/desarrollo.grupomedios.com\/futbol\/wp-json\/wp\/v2\/types\/post"}],"author":[{"embeddable":true,"href":"http:\/\/desarrollo.grupomedios.com\/futbol\/wp-json\/wp\/v2\/users\/20"}],"replies":[{"embeddable":true,"href":"http:\/\/desarrollo.grupomedios.com\/futbol\/wp-json\/wp\/v2\/comments?post=500448"}],"version-history":[{"count":3,"href":"http:\/\/desarrollo.grupomedios.com\/futbol\/wp-json\/wp\/v2\/posts\/500448\/revisions"}],"predecessor-version":[{"id":500485,"href":"http:\/\/desarrollo.grupomedios.com\/futbol\/wp-json\/wp\/v2\/posts\/500448\/revisions\/500485"}],"wp:featuredmedia":[{"embeddable":true,"href":"http:\/\/desarrollo.grupomedios.com\/futbol\/wp-json\/wp\/v2\/media\/500458"}],"wp:attachment":[{"href":"http:\/\/desarrollo.grupomedios.com\/futbol\/wp-json\/wp\/v2\/media?parent=500448"}],"wp:term":[{"taxonomy":"category","embeddable":true,"href":"http:\/\/desarrollo.grupomedios.com\/futbol\/wp-json\/wp\/v2\/categories?post=500448"},{"taxonomy":"post_tag","embeddable":true,"href":"http:\/\/desarrollo.grupomedios.com\/futbol\/wp-json\/wp\/v2\/tags?post=500448"}],"curies":[{"name":"wp","href":"https:\/\/api.w.org\/{rel}","templated":true}]}}