{"id":500490,"date":"2017-09-17T10:05:25","date_gmt":"2017-09-17T15:05:25","guid":{"rendered":"https:\/\/www.futboltotal.com.mx\/?p=500490"},"modified":"2017-09-17T10:05:25","modified_gmt":"2017-09-17T15:05:25","slug":"chavez-jr-decepcionado-papa-viera-ganar-a-canelo","status":"publish","type":"post","link":"http:\/\/desarrollo.grupomedios.com\/futbol\/box\/chavez-jr-decepcionado-papa-viera-ganar-a-canelo\/2017\/09","title":{"rendered":"Ch\u00e1vez Jr., decepcionado de que su pap\u00e1 viera ganar a Canelo"},"content":{"rendered":"<p>El resultado de la <a href=\"https:\/\/www.futboltotal.com.mx\/2017\/09\/jueces-definen-empate-en-la-pelea-canelo-vs-golovkin\/\" target=\"_blank\" rel=\"noopener noreferrer\"><span style=\"color: #333399;\">pelea entre el mexicano <strong>Sa\u00fal &#8216;Canelo&#8217; \u00c1varez<\/strong> y el kazajo <strong>Gennady Golovkin<\/strong><\/span><\/a>, que acab\u00f3 en empate, despert\u00f3 las opiniones de distintos personajes del boxeo, como <strong>Julio C\u00e9sar Ch\u00e1vez<\/strong> e incluso su hijo <strong>Julio C\u00e9sar Ch\u00e1vez Jr.<\/strong>, quien acab\u00f3 decepcionado de su propio padre.<\/p>\n<p><strong>Ch\u00e1vez Jr.<\/strong>, por medio de su cuenta de Twitter, dijo estar decepcionado de que una leyenda como su padre pensara que el triunfo debi\u00f3 ser para el mexicano.<\/p>\n<p style=\"text-align: center;\"><a href=\"https:\/\/www.futboltotal.com.mx\/2017\/09\/canelo-asegura-gano-la-pelea-quiere-revancha-ante-golovkin\/\" target=\"_blank\" rel=\"noopener noreferrer\"><span style=\"color: #333399;\">VER M\u00c1S: Canelo asegura: &#8220;Gan\u00e9 la pelea, quiero la revancha (ante Golovkin)&#8221;<\/span><\/a><\/p>\n<p>&#8220;Que decepci\u00f3n que una leyenda\u00a0<span class=\"PrettyLink-prefix\">@<\/span><span class=\"PrettyLink-value\">Jcchavez115<\/span>\u00a0haya visto ganar a Canelo. I am very disappointed in a legend like\u00a0<span class=\"PrettyLink-prefix\">@<\/span><span class=\"PrettyLink-value\">Jcchavez115<\/span>\u00a0see Canelo win!&#8221;, fue la frase que public\u00f3 el Jr.<\/p>\n<p>&nbsp;<\/p>\n<blockquote class=\"twitter-tweet\" data-lang=\"es\">\n<p dir=\"ltr\" lang=\"es\">Que decepci\u00f3n que una leyenda <a href=\"https:\/\/twitter.com\/Jcchavez115\">@Jcchavez115<\/a> aya visto ganar a canelo. I am very disappointed in a legend like <a href=\"https:\/\/twitter.com\/Jcchavez115\">@Jcchavez115<\/a> see Canelo win !<\/p>\n<p>\u2014 Julio Cesar Chavez (@jcchavezjr1) <a href=\"https:\/\/twitter.com\/jcchavezjr1\/status\/909286995540582400\">17 de septiembre de 2017<\/a><\/p><\/blockquote>\n<p><script async src=\"\/\/platform.twitter.com\/widgets.js\" charset=\"utf-8\"><\/script><\/p>\n<p>El hijo mayor del <em>C\u00e9sar del Boxeo<\/em> parece a\u00fan no curar las heridas del combate que tuvo con <strong><em>Canelo<\/em> \u00c1lvarez<\/strong> el pasado 6 de mayo, en el que perdi\u00f3 por decisi\u00f3n un\u00e1nime e incluso la cr\u00edtica box\u00edstica le se\u00f1al\u00f3 por su cuestionable desempe\u00f1o.<\/p>\n","protected":false},"excerpt":{"rendered":"<p>El hijo del C\u00e9sar del Boxeo critic\u00f3 la opini\u00f3n de la leyenda sobre Canelo y GGG.<\/p>\n","protected":false},"author":20,"featured_media":478078,"comment_status":"closed","ping_status":"closed","sticky":false,"template":"","format":"standard","meta":[],"categories":[6282,6411],"tags":[9117,7820,8271,8004],"_links":{"self":[{"href":"http:\/\/desarrollo.grupomedios.com\/futbol\/wp-json\/wp\/v2\/posts\/500490"}],"collection":[{"href":"http:\/\/desarrollo.grupomedios.com\/futbol\/wp-json\/wp\/v2\/posts"}],"about":[{"href":"http:\/\/desarrollo.grupomedios.com\/futbol\/wp-json\/wp\/v2\/types\/post"}],"author":[{"embeddable":true,"href":"http:\/\/desarrollo.grupomedios.com\/futbol\/wp-json\/wp\/v2\/users\/20"}],"replies":[{"embeddable":true,"href":"http:\/\/desarrollo.grupomedios.com\/futbol\/wp-json\/wp\/v2\/comments?post=500490"}],"version-history":[{"count":1,"href":"http:\/\/desarrollo.grupomedios.com\/futbol\/wp-json\/wp\/v2\/posts\/500490\/revisions"}],"predecessor-version":[{"id":500491,"href":"http:\/\/desarrollo.grupomedios.com\/futbol\/wp-json\/wp\/v2\/posts\/500490\/revisions\/500491"}],"wp:featuredmedia":[{"embeddable":true,"href":"http:\/\/desarrollo.grupomedios.com\/futbol\/wp-json\/wp\/v2\/media\/478078"}],"wp:attachment":[{"href":"http:\/\/desarrollo.grupomedios.com\/futbol\/wp-json\/wp\/v2\/media?parent=500490"}],"wp:term":[{"taxonomy":"category","embeddable":true,"href":"http:\/\/desarrollo.grupomedios.com\/futbol\/wp-json\/wp\/v2\/categories?post=500490"},{"taxonomy":"post_tag","embeddable":true,"href":"http:\/\/desarrollo.grupomedios.com\/futbol\/wp-json\/wp\/v2\/tags?post=500490"}],"curies":[{"name":"wp","href":"https:\/\/api.w.org\/{rel}","templated":true}]}}