{"id":500507,"date":"2017-09-17T19:00:30","date_gmt":"2017-09-18T00:00:30","guid":{"rendered":"https:\/\/www.futboltotal.com.mx\/?p=500507"},"modified":"2017-09-17T21:01:16","modified_gmt":"2017-09-18T02:01:16","slug":"veracruz-vs-lobos-buap-apertura-2017-liga-mx-minuto-a-minuto","status":"publish","type":"post","link":"http:\/\/desarrollo.grupomedios.com\/futbol\/futbol-mexicano\/veracruz-vs-lobos-buap-apertura-2017-liga-mx-minuto-a-minuto\/2017\/09","title":{"rendered":"MINUTO A MINUTO | Veracruz vs Lobos BUAP | Liga MX"},"content":{"rendered":"<p>En el duelo que cierra la Jornada 9 del Torneo Apertura 2017, los <em>Tiburones Rojos<\/em> del <strong>Veracruz<\/strong> reciben la visita de los <strong>Lobos BUAP<\/strong> en el Luis &#8216;Pirata Fuente&#8217;.<\/p>\n<iframe src=\"https:\/\/en-vivo.futboltotal.com.mx\/embed.php\/?id=295\" width=\"100%\" id=\"frame_minuto\"><\/iframe>\n<p>Este duelo encierra mucho morbo, porque son dos de las escuadras inmiscuidas en la batalla por el no descenso.<\/p>\n<p>El primer cap\u00edtulo de esta rivalidad se vivir\u00e1 en el campo del Veracruz, donde ser\u00e1 importante para los escualos aprovechar la condici\u00f3n de local.<\/p>\n<p>En el Clausura 2018, ser\u00e1n los lic\u00e1ntropos los que reciban a los Tiburones, y se sepa mejor, quien es el equipo que podr\u00eda descender para el siguiente a\u00f1o futbol\u00edstico en la Liga MX.<\/p>\n","protected":false},"excerpt":{"rendered":"<p>Si bien en esta temporada nadie desciende, saben que una victoria en duelo directo es fundamental<\/p>\n","protected":false},"author":20,"featured_media":500569,"comment_status":"closed","ping_status":"closed","sticky":false,"template":"","format":"standard","meta":[],"categories":[2198,3845],"tags":[64,431,6049],"_links":{"self":[{"href":"http:\/\/desarrollo.grupomedios.com\/futbol\/wp-json\/wp\/v2\/posts\/500507"}],"collection":[{"href":"http:\/\/desarrollo.grupomedios.com\/futbol\/wp-json\/wp\/v2\/posts"}],"about":[{"href":"http:\/\/desarrollo.grupomedios.com\/futbol\/wp-json\/wp\/v2\/types\/post"}],"author":[{"embeddable":true,"href":"http:\/\/desarrollo.grupomedios.com\/futbol\/wp-json\/wp\/v2\/users\/20"}],"replies":[{"embeddable":true,"href":"http:\/\/desarrollo.grupomedios.com\/futbol\/wp-json\/wp\/v2\/comments?post=500507"}],"version-history":[{"count":2,"href":"http:\/\/desarrollo.grupomedios.com\/futbol\/wp-json\/wp\/v2\/posts\/500507\/revisions"}],"predecessor-version":[{"id":500570,"href":"http:\/\/desarrollo.grupomedios.com\/futbol\/wp-json\/wp\/v2\/posts\/500507\/revisions\/500570"}],"wp:featuredmedia":[{"embeddable":true,"href":"http:\/\/desarrollo.grupomedios.com\/futbol\/wp-json\/wp\/v2\/media\/500569"}],"wp:attachment":[{"href":"http:\/\/desarrollo.grupomedios.com\/futbol\/wp-json\/wp\/v2\/media?parent=500507"}],"wp:term":[{"taxonomy":"category","embeddable":true,"href":"http:\/\/desarrollo.grupomedios.com\/futbol\/wp-json\/wp\/v2\/categories?post=500507"},{"taxonomy":"post_tag","embeddable":true,"href":"http:\/\/desarrollo.grupomedios.com\/futbol\/wp-json\/wp\/v2\/tags?post=500507"}],"curies":[{"name":"wp","href":"https:\/\/api.w.org\/{rel}","templated":true}]}}